{"id":29058,"date":"2025-02-24T10:59:01","date_gmt":"2025-02-24T09:59:01","guid":{"rendered":"https:\/\/www.cloudmagazin.com\/2026\/03\/30\/alemania-mercado-semiconductores\/"},"modified":"2026-04-04T10:04:46","modified_gmt":"2026-04-04T08:04:46","slug":"alemania-mercado-semiconductores","status":"publish","type":"post","link":"https:\/\/www.cloudmagazin.com\/es\/2025\/02\/24\/alemania-mercado-semiconductores\/","title":{"rendered":"Alemania compite bien en el mercado global de semiconductores"},"content":{"rendered":"<p style=\"color:#6190a9;font-size:0.9em;margin:0 0 16px;padding:0;\">1 minuto de lectura<\/p>\n<p><strong>Constantemente se oye hablar de Alemania \u00fanicamente como el \u00faltimo clasificado. Al menos en el mercado de semiconductores, la Rep\u00fablica Federal ocupa posiciones de liderazgo en determinados \u00e1mbitos clave. As\u00ed lo demuestra un estudio presentado en febrero de 2025.<\/strong><\/p>\n<h2>Lo m\u00e1s importante en resumen<\/h2>\n<ul>\n<li>Alemania es m\u00e1s fuerte de lo que suele pensarse en semiconductores de potencia, chips \u00f3pticos y tecnolog\u00eda de sensores.<\/li>\n<li>Estados Unidos, Jap\u00f3n y Alemania destacan en semiconductores para altas corrientes y tensiones el\u00e9ctricas.<\/li>\n<li>Asia domina el mercado global de chips con m\u00e1s del 50 %, especialmente China y Taiw\u00e1n.<\/li>\n<li>Alemania exporta m\u00e1s equipos para la fabricaci\u00f3n de semiconductores de los que importa, incluidas las m\u00e1quinas de producci\u00f3n.<\/li>\n<li>Alemania, Estados Unidos, Jap\u00f3n y los Pa\u00edses Bajos suministran de forma decisiva m\u00e1quinas para la fabricaci\u00f3n de chips.<\/li>\n<\/ul>\n<p>En medio del pesimismo generalizado y contra la corriente de la creciente sensaci\u00f3n internacional de que Alemania se est\u00e1 quedando atr\u00e1s, por una vez hay una noticia positiva. Seg\u00fan una investigaci\u00f3n presentada en la Conferencia de Seguridad de M\u00fanich de febrero de 2025 por el Instituto Ifo y Econpol Europe, el pa\u00eds germano es, precisamente en algunos segmentos de vanguardia de la industria de semiconductores, m\u00e1s competitivo de lo que com\u00fanmente se cree.<\/p>\n<p>Seg\u00fan Industry of Things, esto afecta sobre todo a los semiconductores de potencia, los chips \u00f3pticos y la tecnolog\u00eda de sensores. Los datos recopilados en la investigaci\u00f3n  &#8211; procedentes de los nueve principales pa\u00edses productores &#8211;  muestran que Taiw\u00e1n y China lideran claramente las exportaciones de circuitos integrados. Esta categor\u00eda incluye numerosos componentes electr\u00f3nicos integrados en un solo chip o microprocesador, como transistores, diodos, resistencias y condensadores.<\/p>\n<h2>Clase mundial en \u00e1mbitos especializados<\/h2>\n<p>Los sectores en los que Alemania, Estados Unidos y Jap\u00f3n destacan incluyen los semiconductores y los componentes electr\u00f3nicos dise\u00f1ados para controlar y conmutar corrientes y tensiones el\u00e9ctricas elevadas. Lo mismo ocurre con los chips \u00f3pticos, necesarios, por ejemplo, en las redes de fibra \u00f3ptica.<\/p>\n<p>Aunque los pa\u00edses asi\u00e1ticos  &#8211; Corea del Sur, Taiw\u00e1n, Singapur, Malasia y China &#8211;  dominan m\u00e1s del 50 % del mercado mundial de chips, Alemania, Jap\u00f3n, Estados Unidos y los Pa\u00edses Bajos aportan, adem\u00e1s, una parte muy significativa de las m\u00e1quinas y equipos empleados en la fabricaci\u00f3n de semiconductores.<\/p>\n<p>Si se tienen en cuenta tambi\u00e9n las m\u00e1quinas destinadas a la producci\u00f3n y el procesamiento de materias primas, seg\u00fan un estudio del Instituto Ifo, Alemania exporta m\u00e1s de lo que importa en el mercado de semiconductores. Esto significa, tal como subrayan los autores del estudio, que las dependencias existentes en la producci\u00f3n global de semiconductores no son en absoluto unidireccionales.<\/p>\n<h2>Preguntas frecuentes<\/h2>\n<details>\n<summary><strong>\u00bfEn qu\u00e9 \u00e1mbitos de los semiconductores destaca especialmente Alemania?<\/strong><\/summary>\n<p style=\"margin:8px 0 4px 24px;color:#555;line-height:1.6;\">Alemania destaca especialmente en semiconductores de potencia, chips \u00f3pticos y tecnolog\u00eda de sensores. Estos \u00e1mbitos se clasifican como de \u00abprimera categor\u00eda\u00bb en el estudio del instituto Ifo.<\/p>\n<\/details>\n<details>\n<summary><strong>\u00bfQu\u00e9 pa\u00edses dominan el mercado global de chips?<\/strong><\/summary>\n<p style=\"margin:8px 0 4px 24px;color:#555;line-height:1.6;\">Corea del Sur, Taiw\u00e1n, Singapur, Malasia y China concentran conjuntamente m\u00e1s del 50 % del mercado mundial de chips y lideran las exportaciones de circuitos integrados.<\/p>\n<\/details>\n<details>\n<summary><strong>\u00bfQu\u00e9 revela el estudio sobre la balanza comercial alemana en el sector de semiconductores?<\/strong><\/summary>\n<p style=\"margin:8px 0 4px 24px;color:#555;line-height:1.6;\">Alemania exporta m\u00e1s equipamiento para la fabricaci\u00f3n de semiconductores  &#8211; incluidas m\u00e1quinas de producci\u00f3n &#8211;  de lo que importa. Esta situaci\u00f3n se mantiene incluso al considerar el procesamiento de materias primas.<\/p>\n<\/details>\n<details>\n<summary><strong>\u00bfCu\u00e1l es el papel de Alemania y otros pa\u00edses occidentales en la fabricaci\u00f3n de chips?<\/strong><\/summary>\n<p style=\"margin:8px 0 4px 24px;color:#555;line-height:1.6;\">Alemania, Estados Unidos, Jap\u00f3n y los Pa\u00edses Bajos aportan una parte significativa de las instalaciones de producci\u00f3n. Son actores clave para la fabricaci\u00f3n global de semiconductores.<\/p>\n<\/details>\n<details>\n<summary><strong>\u00bfD\u00f3nde se present\u00f3 el estudio del Ifo y qui\u00e9n lo elabor\u00f3?<\/strong><\/summary>\n<p style=\"margin:8px 0 4px 24px;color:#555;line-height:1.6;\">El estudio se present\u00f3 en febrero de 2025 durante la Conferencia de Seguridad de M\u00fanich. Fue elaborado por el instituto Ifo en cooperaci\u00f3n con Econpol Europe.<\/p>\n<\/details>\n<h2>Recomendaciones de lectura de la redacci\u00f3n<\/h2>\n<ul>\n<li><a href=\"https:\/\/www.cloudmagazin.com\/es\/2026\/03\/30\/arquitectura-cloud-api-first\/\">API primero: por qu\u00e9 las arquitecturas cloud modernas triunfan o fracasan seg\u00fan el dise\u00f1o de sus API<\/a><\/li>\n<li><a href=\"https:\/\/www.cloudmagazin.com\/es\/2026\/03\/29\/pretext-resuelve-una-biblioteca-javascript-el-problema-de-30-anos-en-el-navegado\/\">Pretext: \u00bfResuelve una biblioteca JavaScript un problema de 30 a\u00f1os en los navegadores o es solo una moda pasajera?<\/a><\/li>\n<li><a href=\"https:\/\/www.cloudmagazin.com\/es\/2026\/03\/29\/aws-frente-a-azure-frente-a-google-cloud-2026-la-comparacion-honesta-para-empres\/\">AWS frente a Azure frente a Google Cloud 2026: la comparaci\u00f3n sincera para empresas de Alemania, Austria y Suiza<\/a><\/li>\n<\/ul>\n<h2>M\u00e1s del entorno medi\u00e1tico de MBF<\/h2>\n<p><a href=\"https:\/\/www.securitytoday.de\" target=\"_blank\">SecurityToday<\/a> | <a href=\"https:\/\/mybusinessfuture.com\" target=\"_blank\">MyBusinessFuture<\/a> | <a href=\"https:\/\/www.digital-chiefs.de\" target=\"_blank\">Digital Chiefs<\/a><\/p>\n<p style=\"text-align: right;\"><em>Fuente de la imagen principal: Unsplash \/ Brian Kostiuk<\/p>\n","protected":false},"excerpt":{"rendered":"Contrariamente a la percepci\u00f3n general, Alemania lidera muchos sectores, incluido sorprendentemente el mercado de semiconductores.","protected":false},"author":23,"featured_media":26106,"comment_status":"closed","ping_status":"closed","sticky":false,"template":"","format":"standard","meta":{"_acf_changed":false,"_yoast_wpseo_focuskw":"mercado de semiconductores","_yoast_wpseo_title":"Mercado de semiconductores: Alemania compite globalmente","_yoast_wpseo_metadesc":"Contrariamente a la percepci\u00f3n general, Alemania lidera muchos sectores, incluido sorprendentemente el mercado de semiconductores.","_yoast_wpseo_meta-robots-noindex":"","_yoast_wpseo_meta-robots-nofollow":"","_yoast_wpseo_meta-robots-adv":"","_yoast_wpseo_canonical":"","_yoast_wpseo_opengraph-title":"","_yoast_wpseo_opengraph-description":"","_yoast_wpseo_opengraph-image":"","_yoast_wpseo_opengraph-image-id":0,"_yoast_wpseo_twitter-title":"","_yoast_wpseo_twitter-description":"","_yoast_wpseo_twitter-image":"","_yoast_wpseo_twitter-image-id":0,"ngg_post_thumbnail":0,"pre_headline":"","bildquelle":"","teasertext":"","language":"de","footnotes":""},"categories":[958,735],"tags":[],"industry":[],"class_list":["post-29058","post","type-post","status-publish","format-standard","has-post-thumbnail","hentry","category-estudios","category-studie"],"wpml_language":"es","wpml_translation_of":26099,"acf":[],"yoast_head":"<!-- This site is optimized with the Yoast SEO plugin v27.1.1 - https:\/\/yoast.com\/product\/yoast-seo-wordpress\/ -->\n<title>Mercado de semiconductores: Alemania compite globalmente<\/title>\n<meta name=\"description\" content=\"Contrariamente a la percepci\u00f3n general, Alemania lidera muchos sectores, incluido sorprendentemente el mercado de semiconductores.\" \/>\n<meta name=\"robots\" content=\"index, follow, max-snippet:-1, max-image-preview:large, max-video-preview:-1\" \/>\n<link rel=\"canonical\" href=\"https:\/\/www.cloudmagazin.com\/es\/2025\/02\/24\/alemania-mercado-semiconductores\/\" \/>\n<meta property=\"og:locale\" content=\"es_ES\" \/>\n<meta property=\"og:type\" content=\"article\" \/>\n<meta property=\"og:title\" content=\"Mercado de semiconductores: Alemania compite globalmente\" \/>\n<meta property=\"og:description\" content=\"Contrariamente a la percepci\u00f3n general, Alemania lidera muchos sectores, incluido sorprendentemente el mercado de semiconductores.\" \/>\n<meta property=\"og:url\" content=\"https:\/\/www.cloudmagazin.com\/es\/2025\/02\/24\/alemania-mercado-semiconductores\/\" \/>\n<meta property=\"og:site_name\" content=\"cloudmagazin\" \/>\n<meta property=\"article:publisher\" content=\"https:\/\/www.facebook.com\/cloudmagazincom\/\" \/>\n<meta property=\"article:author\" content=\"https:\/\/www.facebook.com\/Klaus.Hauptfleisch\" \/>\n<meta property=\"article:published_time\" content=\"2025-02-24T09:59:01+00:00\" \/>\n<meta property=\"article:modified_time\" content=\"2026-04-04T08:04:46+00:00\" \/>\n<meta property=\"og:image\" content=\"https:\/\/www.cloudmagazin.com\/wp-content\/uploads\/2025\/02\/brian-kostiuk-S4jSvcHYcOs-unsplash-scaled.jpg\" \/>\n\t<meta property=\"og:image:width\" content=\"2560\" \/>\n\t<meta property=\"og:image:height\" content=\"1704\" \/>\n\t<meta property=\"og:image:type\" content=\"image\/jpeg\" \/>\n<meta name=\"author\" content=\"Klaus Hauptfleisch\" \/>\n<meta name=\"twitter:card\" content=\"summary_large_image\" \/>\n<meta name=\"twitter:creator\" content=\"@cloudmagazin\" \/>\n<meta name=\"twitter:site\" content=\"@cloudmagazin\" \/>\n<meta name=\"twitter:label1\" content=\"Escrito por\" \/>\n\t<meta name=\"twitter:data1\" content=\"Klaus Hauptfleisch\" \/>\n\t<meta name=\"twitter:label2\" content=\"Tiempo de lectura\" \/>\n\t<meta name=\"twitter:data2\" content=\"4 minutos\" \/>\n<script type=\"application\/ld+json\" class=\"yoast-schema-graph\">{\"@context\":\"https:\/\/schema.org\",\"@graph\":[{\"@type\":\"NewsArticle\",\"@id\":\"https:\/\/www.cloudmagazin.com\/es\/2025\/02\/24\/alemania-mercado-semiconductores\/#article\",\"isPartOf\":{\"@id\":\"https:\/\/www.cloudmagazin.com\/es\/2025\/02\/24\/alemania-mercado-semiconductores\/\"},\"author\":{\"name\":\"Klaus Hauptfleisch\",\"@id\":\"https:\/\/www.cloudmagazin.com\/es\/#\/schema\/person\/d0ad8505146b0d9721d7f7a70d247634\"},\"headline\":\"Alemania compite bien en el mercado global de semiconductores\",\"datePublished\":\"2025-02-24T09:59:01+00:00\",\"dateModified\":\"2026-04-04T08:04:46+00:00\",\"mainEntityOfPage\":{\"@id\":\"https:\/\/www.cloudmagazin.com\/es\/2025\/02\/24\/alemania-mercado-semiconductores\/\"},\"wordCount\":780,\"publisher\":{\"@id\":\"https:\/\/www.cloudmagazin.com\/es\/#organization\"},\"image\":{\"@id\":\"https:\/\/www.cloudmagazin.com\/es\/2025\/02\/24\/alemania-mercado-semiconductores\/#primaryimage\"},\"thumbnailUrl\":\"https:\/\/www.cloudmagazin.com\/wp-content\/uploads\/2025\/02\/brian-kostiuk-S4jSvcHYcOs-unsplash-scaled.jpg\",\"articleSection\":[\"Estudios\",\"Estudio\"],\"inLanguage\":\"es\"},{\"@type\":\"WebPage\",\"@id\":\"https:\/\/www.cloudmagazin.com\/es\/2025\/02\/24\/alemania-mercado-semiconductores\/\",\"url\":\"https:\/\/www.cloudmagazin.com\/es\/2025\/02\/24\/alemania-mercado-semiconductores\/\",\"name\":\"Mercado de semiconductores: Alemania compite globalmente\",\"isPartOf\":{\"@id\":\"https:\/\/www.cloudmagazin.com\/es\/#website\"},\"primaryImageOfPage\":{\"@id\":\"https:\/\/www.cloudmagazin.com\/es\/2025\/02\/24\/alemania-mercado-semiconductores\/#primaryimage\"},\"image\":{\"@id\":\"https:\/\/www.cloudmagazin.com\/es\/2025\/02\/24\/alemania-mercado-semiconductores\/#primaryimage\"},\"thumbnailUrl\":\"https:\/\/www.cloudmagazin.com\/wp-content\/uploads\/2025\/02\/brian-kostiuk-S4jSvcHYcOs-unsplash-scaled.jpg\",\"datePublished\":\"2025-02-24T09:59:01+00:00\",\"dateModified\":\"2026-04-04T08:04:46+00:00\",\"description\":\"Contrariamente a la percepci\u00f3n general, Alemania lidera muchos sectores, incluido sorprendentemente el mercado de semiconductores.\",\"breadcrumb\":{\"@id\":\"https:\/\/www.cloudmagazin.com\/es\/2025\/02\/24\/alemania-mercado-semiconductores\/#breadcrumb\"},\"inLanguage\":\"es\",\"potentialAction\":[{\"@type\":\"ReadAction\",\"target\":[\"https:\/\/www.cloudmagazin.com\/es\/2025\/02\/24\/alemania-mercado-semiconductores\/\"]}]},{\"@type\":\"ImageObject\",\"inLanguage\":\"es\",\"@id\":\"https:\/\/www.cloudmagazin.com\/es\/2025\/02\/24\/alemania-mercado-semiconductores\/#primaryimage\",\"url\":\"https:\/\/www.cloudmagazin.com\/wp-content\/uploads\/2025\/02\/brian-kostiuk-S4jSvcHYcOs-unsplash-scaled.jpg\",\"contentUrl\":\"https:\/\/www.cloudmagazin.com\/wp-content\/uploads\/2025\/02\/brian-kostiuk-S4jSvcHYcOs-unsplash-scaled.jpg\",\"width\":2560,\"height\":1704,\"caption\":\"Deutschland mischt gut im Halbleitermarkt mit\"},{\"@type\":\"BreadcrumbList\",\"@id\":\"https:\/\/www.cloudmagazin.com\/es\/2025\/02\/24\/alemania-mercado-semiconductores\/#breadcrumb\",\"itemListElement\":[{\"@type\":\"ListItem\",\"position\":1,\"name\":\"Home\",\"item\":\"https:\/\/www.cloudmagazin.com\/es\/inicio\/\"},{\"@type\":\"ListItem\",\"position\":2,\"name\":\"Alemania compite bien en el mercado global de semiconductores\"}]},{\"@type\":\"WebSite\",\"@id\":\"https:\/\/www.cloudmagazin.com\/es\/#website\",\"url\":\"https:\/\/www.cloudmagazin.com\/es\/\",\"name\":\"cloudmagazin\",\"description\":\"Inspiration f\u00fcr Businessentscheider\",\"publisher\":{\"@id\":\"https:\/\/www.cloudmagazin.com\/es\/#organization\"},\"potentialAction\":[{\"@type\":\"SearchAction\",\"target\":{\"@type\":\"EntryPoint\",\"urlTemplate\":\"https:\/\/www.cloudmagazin.com\/es\/?s={search_term_string}\"},\"query-input\":{\"@type\":\"PropertyValueSpecification\",\"valueRequired\":true,\"valueName\":\"search_term_string\"}}],\"inLanguage\":\"es\"},{\"@type\":\"Organization\",\"@id\":\"https:\/\/www.cloudmagazin.com\/es\/#organization\",\"name\":\"cloudmagazin\",\"url\":\"https:\/\/www.cloudmagazin.com\/es\/\",\"logo\":{\"@type\":\"ImageObject\",\"inLanguage\":\"es\",\"@id\":\"https:\/\/www.cloudmagazin.com\/es\/#\/schema\/logo\/image\/\",\"url\":\"https:\/\/www.cloudmagazin.com\/wp-content\/uploads\/2020\/04\/cloudmagazin-logo-klein_menu.jpg\",\"contentUrl\":\"https:\/\/www.cloudmagazin.com\/wp-content\/uploads\/2020\/04\/cloudmagazin-logo-klein_menu.jpg\",\"width\":150,\"height\":150,\"caption\":\"cloudmagazin\"},\"image\":{\"@id\":\"https:\/\/www.cloudmagazin.com\/es\/#\/schema\/logo\/image\/\"},\"sameAs\":[\"https:\/\/www.facebook.com\/cloudmagazincom\/\",\"https:\/\/x.com\/cloudmagazin\",\"https:\/\/www.linkedin.com\/showcase\/cloudmagazin\/\"]},{\"@type\":\"Person\",\"@id\":\"https:\/\/www.cloudmagazin.com\/es\/#\/schema\/person\/d0ad8505146b0d9721d7f7a70d247634\",\"name\":\"Klaus Hauptfleisch\",\"image\":{\"@type\":\"ImageObject\",\"inLanguage\":\"es\",\"@id\":\"https:\/\/www.cloudmagazin.com\/es\/#\/schema\/person\/image\/\",\"url\":\"https:\/\/www.cloudmagazin.com\/wp-content\/uploads\/2026\/03\/klaus-hauptfleisch.jpg\",\"contentUrl\":\"https:\/\/www.cloudmagazin.com\/wp-content\/uploads\/2026\/03\/klaus-hauptfleisch.jpg\",\"caption\":\"Klaus Hauptfleisch\"},\"description\":\"Klaus Hauptfleisch es un experimentado periodista de TI y ha trabajado como editor especializado durante muchos a\u00f1os para las revistas de Evernine Media. Tambi\u00e9n publica en otros medios de TI como ChannelObserver, t3n y Computerwoche.\",\"sameAs\":[\"https:\/\/www.linkedin.com\/in\/klaus-hauptfleisch\/\",\"https:\/\/www.facebook.com\/Klaus.Hauptfleisch\"],\"url\":\"https:\/\/www.cloudmagazin.com\/es\/author\/klaus\/\"}]}<\/script>\n<!-- \/ Yoast SEO plugin. -->","yoast_head_json":{"title":"Mercado de semiconductores: Alemania compite globalmente","description":"Contrariamente a la percepci\u00f3n general, Alemania lidera muchos sectores, incluido sorprendentemente el mercado de semiconductores.","robots":{"index":"index","follow":"follow","max-snippet":"max-snippet:-1","max-image-preview":"max-image-preview:large","max-video-preview":"max-video-preview:-1"},"canonical":"https:\/\/www.cloudmagazin.com\/es\/2025\/02\/24\/alemania-mercado-semiconductores\/","og_locale":"es_ES","og_type":"article","og_title":"Mercado de semiconductores: Alemania compite globalmente","og_description":"Contrariamente a la percepci\u00f3n general, Alemania lidera muchos sectores, incluido sorprendentemente el mercado de semiconductores.","og_url":"https:\/\/www.cloudmagazin.com\/es\/2025\/02\/24\/alemania-mercado-semiconductores\/","og_site_name":"cloudmagazin","article_publisher":"https:\/\/www.facebook.com\/cloudmagazincom\/","article_author":"https:\/\/www.facebook.com\/Klaus.Hauptfleisch","article_published_time":"2025-02-24T09:59:01+00:00","article_modified_time":"2026-04-04T08:04:46+00:00","og_image":[{"width":2560,"height":1704,"url":"https:\/\/www.cloudmagazin.com\/wp-content\/uploads\/2025\/02\/brian-kostiuk-S4jSvcHYcOs-unsplash-scaled.jpg","type":"image\/jpeg"}],"author":"Klaus Hauptfleisch","twitter_card":"summary_large_image","twitter_creator":"@cloudmagazin","twitter_site":"@cloudmagazin","twitter_misc":{"Escrito por":"Klaus Hauptfleisch","Tiempo de lectura":"4 minutos"},"schema":{"@context":"https:\/\/schema.org","@graph":[{"@type":"NewsArticle","@id":"https:\/\/www.cloudmagazin.com\/es\/2025\/02\/24\/alemania-mercado-semiconductores\/#article","isPartOf":{"@id":"https:\/\/www.cloudmagazin.com\/es\/2025\/02\/24\/alemania-mercado-semiconductores\/"},"author":{"name":"Klaus Hauptfleisch","@id":"https:\/\/www.cloudmagazin.com\/es\/#\/schema\/person\/d0ad8505146b0d9721d7f7a70d247634"},"headline":"Alemania compite bien en el mercado global de semiconductores","datePublished":"2025-02-24T09:59:01+00:00","dateModified":"2026-04-04T08:04:46+00:00","mainEntityOfPage":{"@id":"https:\/\/www.cloudmagazin.com\/es\/2025\/02\/24\/alemania-mercado-semiconductores\/"},"wordCount":780,"publisher":{"@id":"https:\/\/www.cloudmagazin.com\/es\/#organization"},"image":{"@id":"https:\/\/www.cloudmagazin.com\/es\/2025\/02\/24\/alemania-mercado-semiconductores\/#primaryimage"},"thumbnailUrl":"https:\/\/www.cloudmagazin.com\/wp-content\/uploads\/2025\/02\/brian-kostiuk-S4jSvcHYcOs-unsplash-scaled.jpg","articleSection":["Estudios","Estudio"],"inLanguage":"es"},{"@type":"WebPage","@id":"https:\/\/www.cloudmagazin.com\/es\/2025\/02\/24\/alemania-mercado-semiconductores\/","url":"https:\/\/www.cloudmagazin.com\/es\/2025\/02\/24\/alemania-mercado-semiconductores\/","name":"Mercado de semiconductores: Alemania compite globalmente","isPartOf":{"@id":"https:\/\/www.cloudmagazin.com\/es\/#website"},"primaryImageOfPage":{"@id":"https:\/\/www.cloudmagazin.com\/es\/2025\/02\/24\/alemania-mercado-semiconductores\/#primaryimage"},"image":{"@id":"https:\/\/www.cloudmagazin.com\/es\/2025\/02\/24\/alemania-mercado-semiconductores\/#primaryimage"},"thumbnailUrl":"https:\/\/www.cloudmagazin.com\/wp-content\/uploads\/2025\/02\/brian-kostiuk-S4jSvcHYcOs-unsplash-scaled.jpg","datePublished":"2025-02-24T09:59:01+00:00","dateModified":"2026-04-04T08:04:46+00:00","description":"Contrariamente a la percepci\u00f3n general, Alemania lidera muchos sectores, incluido sorprendentemente el mercado de semiconductores.","breadcrumb":{"@id":"https:\/\/www.cloudmagazin.com\/es\/2025\/02\/24\/alemania-mercado-semiconductores\/#breadcrumb"},"inLanguage":"es","potentialAction":[{"@type":"ReadAction","target":["https:\/\/www.cloudmagazin.com\/es\/2025\/02\/24\/alemania-mercado-semiconductores\/"]}]},{"@type":"ImageObject","inLanguage":"es","@id":"https:\/\/www.cloudmagazin.com\/es\/2025\/02\/24\/alemania-mercado-semiconductores\/#primaryimage","url":"https:\/\/www.cloudmagazin.com\/wp-content\/uploads\/2025\/02\/brian-kostiuk-S4jSvcHYcOs-unsplash-scaled.jpg","contentUrl":"https:\/\/www.cloudmagazin.com\/wp-content\/uploads\/2025\/02\/brian-kostiuk-S4jSvcHYcOs-unsplash-scaled.jpg","width":2560,"height":1704,"caption":"Deutschland mischt gut im Halbleitermarkt mit"},{"@type":"BreadcrumbList","@id":"https:\/\/www.cloudmagazin.com\/es\/2025\/02\/24\/alemania-mercado-semiconductores\/#breadcrumb","itemListElement":[{"@type":"ListItem","position":1,"name":"Home","item":"https:\/\/www.cloudmagazin.com\/es\/inicio\/"},{"@type":"ListItem","position":2,"name":"Alemania compite bien en el mercado global de semiconductores"}]},{"@type":"WebSite","@id":"https:\/\/www.cloudmagazin.com\/es\/#website","url":"https:\/\/www.cloudmagazin.com\/es\/","name":"cloudmagazin","description":"Inspiration f\u00fcr Businessentscheider","publisher":{"@id":"https:\/\/www.cloudmagazin.com\/es\/#organization"},"potentialAction":[{"@type":"SearchAction","target":{"@type":"EntryPoint","urlTemplate":"https:\/\/www.cloudmagazin.com\/es\/?s={search_term_string}"},"query-input":{"@type":"PropertyValueSpecification","valueRequired":true,"valueName":"search_term_string"}}],"inLanguage":"es"},{"@type":"Organization","@id":"https:\/\/www.cloudmagazin.com\/es\/#organization","name":"cloudmagazin","url":"https:\/\/www.cloudmagazin.com\/es\/","logo":{"@type":"ImageObject","inLanguage":"es","@id":"https:\/\/www.cloudmagazin.com\/es\/#\/schema\/logo\/image\/","url":"https:\/\/www.cloudmagazin.com\/wp-content\/uploads\/2020\/04\/cloudmagazin-logo-klein_menu.jpg","contentUrl":"https:\/\/www.cloudmagazin.com\/wp-content\/uploads\/2020\/04\/cloudmagazin-logo-klein_menu.jpg","width":150,"height":150,"caption":"cloudmagazin"},"image":{"@id":"https:\/\/www.cloudmagazin.com\/es\/#\/schema\/logo\/image\/"},"sameAs":["https:\/\/www.facebook.com\/cloudmagazincom\/","https:\/\/x.com\/cloudmagazin","https:\/\/www.linkedin.com\/showcase\/cloudmagazin\/"]},{"@type":"Person","@id":"https:\/\/www.cloudmagazin.com\/es\/#\/schema\/person\/d0ad8505146b0d9721d7f7a70d247634","name":"Klaus Hauptfleisch","image":{"@type":"ImageObject","inLanguage":"es","@id":"https:\/\/www.cloudmagazin.com\/es\/#\/schema\/person\/image\/","url":"https:\/\/www.cloudmagazin.com\/wp-content\/uploads\/2026\/03\/klaus-hauptfleisch.jpg","contentUrl":"https:\/\/www.cloudmagazin.com\/wp-content\/uploads\/2026\/03\/klaus-hauptfleisch.jpg","caption":"Klaus Hauptfleisch"},"description":"Klaus Hauptfleisch es un experimentado periodista de TI y ha trabajado como editor especializado durante muchos a\u00f1os para las revistas de Evernine Media. Tambi\u00e9n publica en otros medios de TI como ChannelObserver, t3n y Computerwoche.","sameAs":["https:\/\/www.linkedin.com\/in\/klaus-hauptfleisch\/","https:\/\/www.facebook.com\/Klaus.Hauptfleisch"],"url":"https:\/\/www.cloudmagazin.com\/es\/author\/klaus\/"}]}},"_links":{"self":[{"href":"https:\/\/www.cloudmagazin.com\/es\/wp-json\/wp\/v2\/posts\/29058","targetHints":{"allow":["GET"]}}],"collection":[{"href":"https:\/\/www.cloudmagazin.com\/es\/wp-json\/wp\/v2\/posts"}],"about":[{"href":"https:\/\/www.cloudmagazin.com\/es\/wp-json\/wp\/v2\/types\/post"}],"author":[{"embeddable":true,"href":"https:\/\/www.cloudmagazin.com\/es\/wp-json\/wp\/v2\/users\/23"}],"replies":[{"embeddable":true,"href":"https:\/\/www.cloudmagazin.com\/es\/wp-json\/wp\/v2\/comments?post=29058"}],"version-history":[{"count":4,"href":"https:\/\/www.cloudmagazin.com\/es\/wp-json\/wp\/v2\/posts\/29058\/revisions"}],"predecessor-version":[{"id":32737,"href":"https:\/\/www.cloudmagazin.com\/es\/wp-json\/wp\/v2\/posts\/29058\/revisions\/32737"}],"wp:featuredmedia":[{"embeddable":true,"href":"https:\/\/www.cloudmagazin.com\/es\/wp-json\/wp\/v2\/media\/26106"}],"wp:attachment":[{"href":"https:\/\/www.cloudmagazin.com\/es\/wp-json\/wp\/v2\/media?parent=29058"}],"wp:term":[{"taxonomy":"category","embeddable":true,"href":"https:\/\/www.cloudmagazin.com\/es\/wp-json\/wp\/v2\/categories?post=29058"},{"taxonomy":"post_tag","embeddable":true,"href":"https:\/\/www.cloudmagazin.com\/es\/wp-json\/wp\/v2\/tags?post=29058"},{"taxonomy":"industry","embeddable":true,"href":"https:\/\/www.cloudmagazin.com\/es\/wp-json\/wp\/v2\/industry?post=29058"}],"curies":[{"name":"wp","href":"https:\/\/api.w.org\/{rel}","templated":true}]}}