{"id":31469,"date":"2026-01-10T10:00:00","date_gmt":"2026-01-10T09:00:00","guid":{"rendered":"https:\/\/www.cloudmagazin.com\/2026\/04\/03\/estrategia-multi-cloud-2026-adios-al-bloqueo-de-proveedor-hola-a-la-flexibilidad\/"},"modified":"2026-04-25T03:09:21","modified_gmt":"2026-04-25T01:09:21","slug":"estrategia-multi-cloud-2026-adios-al-bloqueo-de-proveedor-hola-a-la-flexibilidad","status":"publish","type":"post","link":"https:\/\/www.cloudmagazin.com\/es\/2026\/01\/10\/estrategia-multi-cloud-2026-adios-al-bloqueo-de-proveedor-hola-a-la-flexibilidad\/","title":{"rendered":"Estrategia Multi-Cloud 2026: Adi\u00f3s al bloqueo de proveedor, hola a la flexibilidad"},"content":{"rendered":"<p style=\"color:#6190a9;font-size:0.9em;margin:0 0 16px;padding:0;\">4 min de lectura<\/p>\n<hr style=\"border: none; border-top: 1px solid #ddd; margin: 2em 0;\">\n<p><strong>Durante a\u00f1os, el bloqueo de proveedor fue el precio que las empresas pagaron por la comodidad en la nube. En 2026, el equilibrio de fuerzas se invierte: el Reglamento sobre Datos de la UE crea palancas regulatorias, Kubernetes ofrece la abstracci\u00f3n t\u00e9cnica  &#8211;  y un n\u00famero creciente de empresas alemanas construye su infraestructura conscientemente de forma multi-proveedor.<\/strong><\/p>\n<h2>En resumen<\/h2>\n<ul>\n<li>El Reglamento sobre Datos de la UE, en vigor desde enero de 2024, obliga a los proveedores de servicios en la nube, a partir de septiembre de 2025, a garantizar la portabilidad de los datos y ofrecer interfaces interoperables  &#8211;  un hito para la soberan\u00eda en la nube  &#8211;  un cambio de paradigma respecto al bloqueo de proveedor.<\/li>\n<li>Kubernetes se ha consolidado como est\u00e1ndar <em>de facto<\/em> para la abstracci\u00f3n en la nube: seg\u00fan la CNCF, el 84 % de las empresas de todo el mundo utilizan contenedores en producci\u00f3n.<\/li>\n<li>Empresas alemanas como Zalando, Deutsche Bahn y Otto Group apuestan por arquitecturas multi-nube para reducir su dependencia de hiperscalers individuales.<\/li>\n<li>La estrategia multi-nube puede abrir m\u00e1rgenes de negociaci\u00f3n en condiciones contractuales, pero incrementa la complejidad operativa. El efecto neto sobre los costes totales depende en gran medida del nivel de madurez en gobernanza y de la competencia en FinOps.<\/li>\n<li>El mayor obst\u00e1culo no es tecnol\u00f3gico, sino organizativo: la estrategia multi-nube exige una gobernanza unificada, una gesti\u00f3n transversal de competencias y un equipo centralizado de FinOps.<\/li>\n<\/ul>\n<p>La ecuaci\u00f3n es sencilla: quien opera toda su infraestructura con un \u00fanico hiperscaler se beneficia de la integraci\u00f3n y la comodidad  &#8211;  pero pierde poder de negociaci\u00f3n, portabilidad y, en caso extremo, el acceso a sus propios datos. Seg\u00fan el informe <em>Flexera State of the Cloud 2025<\/em>, el 70 % de los responsables de TI encuestados se\u00f1alan el bloqueo de proveedor entre sus tres principales riesgos en la nube. No obstante, muchas empresas tienen dificultades para salir de esta situaci\u00f3n  &#8211;  porque los servicios propietarios, las APIs vinculadas a un proveedor espec\u00edfico y las dependencias acumuladas hacen que el cambio resulte caro y complejo.<\/p>\n<h2>El Reglamento sobre Datos de la UE: impulso regulatorio<\/h2>\n<p>El Reglamento sobre Datos de la UE, vigente desde enero de 2024, desplegar\u00e1 su pleno efecto para los servicios en la nube a partir de septiembre de 2025. Sus exigencias centrales son:<\/p>\n<p>Los proveedores de servicios en la nube deben garantizar la equivalencia funcional  &#8211;  lo que significa que los clientes deben poder migrar sus cargas de trabajo a otro proveedor sin necesidad de una reingenier\u00eda fundamental. Las <em>Switching Charges<\/em>  &#8211;  es decir, los cargos aplicables al cambio de proveedor  &#8211;  se eliminar\u00e1n progresivamente: a partir de septiembre de 2025 solo podr\u00e1n cobrarse los costes directos derivados del proceso de cambio; y a partir de enero de 2027, todas las <em>Switching Charges<\/em> quedar\u00e1n suprimidas por completo. Adem\u00e1s, los proveedores deben ofrecer interfaces abiertas que permitan exportar tanto los datos como las configuraciones.<\/p>\n<p>Para las empresas alemanas, esto representa una oportunidad estrat\u00e9gica. Quienes hasta ahora han evitado la migraci\u00f3n multi-nube por su elevada complejidad obtienen, gracias al Reglamento sobre Datos, palancas regulatorias que aumentan la presi\u00f3n negociadora sobre los hiperscalers. Al mismo tiempo, la prohibici\u00f3n de las <em>Switching Charges<\/em> reduce la barrera econ\u00f3mica para realizar una migraci\u00f3n parcial.<\/p>\n<p>No obstante, el Reglamento sobre Datos no es una soluci\u00f3n autom\u00e1tica. La definici\u00f3n de \u00abequivalencia funcional\u00bb se ha formulado deliberadamente de forma vaga, y pasar\u00e1n a\u00f1os hasta que las normas de ejecuci\u00f3n est\u00e9n detalladas en todos sus aspectos. Las empresas que act\u00faen ya obtendr\u00e1n una ventaja competitiva  &#8211;  pero no deben esperar a la regulaci\u00f3n, sino construir simult\u00e1neamente las bases t\u00e9cnicas necesarias.<\/p>\n<div style=\"margin:32px 0;border-radius:12px;overflow:hidden;\">\n<div style=\"display:flex;flex-wrap:wrap;gap:0;\">\n<div style=\"flex:1.2;min-width:200px;background:linear-gradient(180deg,#1a0a0a 0%,#2d1515 100%);color:#fff;padding:28px 24px;\">\n<div style=\"font-size:0.7em;text-transform:uppercase;letter-spacing:2px;color:#ff6b6b;margin-bottom:12px;\">El riesgo<\/div>\n<div style=\"font-size:clamp(1.8em,6vw,2.8em);font-weight:800;color:#ff6b6b;line-height:1;\">70 %<\/div>\n<div style=\"font-size:0.9em;margin-top:6px;opacity:0.9;line-height:1.4;\">de las empresas identifican el bloqueo de proveedor como uno de sus tres principales riesgos en la nube<br \/><span style=\"opacity:0.6;\">Flexera State of the Cloud, 2025<\/span><\/div>\n<\/div>\n<div style=\"flex:1;min-width:180px;background:linear-gradient(180deg,#002535 0%,#004a59 100%);color:#fff;padding:28px 24px;\">\n<div style=\"font-size:0.7em;text-transform:uppercase;letter-spacing:2px;color:#0bb7fd;margin-bottom:12px;\">La respuesta<\/div>\n<div style=\"font-size:clamp(1.8em,6vw,2.8em);font-weight:800;color:#0bb7fd;line-height:1;\">70 %<\/div>\n<div style=\"font-size:0.9em;margin-top:6px;opacity:0.9;line-height:1.4;\">apuestan por la nube h\u00edbrida (Flexera, 2025)<br \/><span style=\"opacity:0.6;\">Flexera State of the Cloud, 2025<\/span><\/div>\n<\/div>\n<\/div>\n<\/div>\n<h2>Kubernetes como capa de abstracci\u00f3n<\/h2>\n<p>La respuesta t\u00e9cnica al bloqueo de proveedor es la abstracci\u00f3n  &#8211;  y Kubernetes es la herramienta que materializa dicha abstracci\u00f3n en la pr\u00e1ctica. Esta plataforma de orquestaci\u00f3n de contenedores permite desplegar y operar cargas de trabajo independientemente del proveedor subyacente de infraestructura.<\/p>\n<p>Seg\u00fan la <em>CNCF Annual Survey 2024<\/em>, el 84 % de las empresas encuestadas utilizan contenedores en producci\u00f3n. En Alemania, la tasa de adopci\u00f3n alcanza, seg\u00fan Bitkom, el 67 % entre las empresas con m\u00e1s de 500 empleados  &#8211;  un aumento de 15 puntos porcentuales respecto al a\u00f1o anterior.<\/p>\n<p>Kubernetes por s\u00ed sola no resuelve completamente el problema del bloqueo de proveedor. Los servicios gestionados de Kubernetes, como EKS (AWS), AKS (Azure) o GKE (Google), suelen integrar funciones propietarias  &#8211;  balanceadores de carga, clases de almacenamiento, gesti\u00f3n de identidades  &#8211;  que, en parte, anulan nuevamente la ventaja de portabilidad.<\/p>\n<p>La clave radica, por tanto, en una decisi\u00f3n arquitect\u00f3nica consciente: \u00bfqu\u00e9 funciones de Kubernetes utilizar\u00e9 de forma multi-proveedor?, \u00bfqu\u00e9 servicios propietarios aceptar\u00e9 deliberadamente? y \u00bfd\u00f3nde trazar\u00e9 la l\u00ednea? Empresas como Zalando han tomado esta decisi\u00f3n de forma sistem\u00e1tica y operan su plataforma de comercio electr\u00f3nico sobre una arquitectura Kubernetes que es port\u00e1til entre AWS y su propio centro de datos.<\/p>\n<h2>Casos pr\u00e1cticos: empresas alemanas en ruta hacia la multi-nube<\/h2>\n<p><strong>Zalando:<\/strong> El grupo berlin\u00e9s de comercio electr\u00f3nico apost\u00f3 temprano por una plataforma Kubernetes independiente del proveedor. Su infraestructura funciona principalmente en AWS, pero est\u00e1 tan bien abstra\u00edda que, en teor\u00eda, determinados servicios tambi\u00e9n podr\u00edan ejecutarse en otras plataformas. El valor estrat\u00e9gico: mayor poder de negociaci\u00f3n frente a AWS en las conversaciones sobre precios.<\/p>\n<blockquote style=\"margin:32px 0;padding:24px 28px;background:linear-gradient(135deg,#f0f7ff 0%,#e4f1fd 100%);border-left:4px solid #0bb7fd;border-radius:0 8px 8px 0;font-size:1.25em;line-height:1.5;color:#004a59;font-style:italic;font-weight:600;\"><p>\n\u201eDurante a\u00f1os, el bloqueo de proveedor fue el precio que las empresas pagaron por la comodidad en la nube. En 2026, el equilibrio de fuerzas se invierte.\u201c\n<\/p><\/blockquote>\n<p><strong>Deutsche Bahn:<\/strong> DB Systel, la filial de TI de Deutsche Bahn, gestiona una plataforma multi-nube basada en AWS y Azure. Las aplicaciones para viajeros funcionan en AWS, mientras que las cargas de trabajo internas de SAP se han migrado a Azure. Un equipo centralizado de plataforma asegura que las <a href=\"https:\/\/www.cloudmagazin.com\/es\/2026\/01\/25\/devsecops-en-auge-como-los-equipos-alemanes-de-software-incorporan-la-seguridad\/\">pol\u00edticas de seguridad<\/a> y los requisitos de cumplimiento se apliquen de forma uniforme en ambas nubes.<\/p>\n<p><strong>Otto Group:<\/strong> El grupo comercial de Hamburgo utiliza Google Cloud como plataforma principal, complementada con <a href=\"https:\/\/www.cloudmagazin.com\/es\/2025\/12\/05\/la-nube-hibrida-como-impulsora-del-crecimiento-por-que-las-pymes-apuestan-por-la\/\">infraestructura <em>on-premises<\/em><\/a> para sistemas heredados. En este caso, la estrategia multi-nube est\u00e1 motivada menos por razones t\u00e9cnicas que por consideraciones organizativas: distintas sociedades del grupo pueden elegir libremente su plataforma en la nube preferida, siempre que cumplan con los est\u00e1ndares centrales de gobernanza.<\/p>\n<h2>El soporte organizativo<\/h2>\n<p>La estrategia multi-nube es, ante todo, una decisi\u00f3n organizativa. La tecnolog\u00eda por s\u00ed sola no basta  &#8211;  las empresas necesitan tres elementos:<\/p>\n<p><strong>Gobernanza unificada:<\/strong> \u00bfQui\u00e9n decide en qu\u00e9 plataforma se ejecuta cada carga de trabajo? \u00bfQu\u00e9 servicios pueden ser propietarios y cu\u00e1les deben mantenerse portables? Sin una instancia de gobernanza centralizada  &#8211;  ya sea un <em>Cloud Center of Excellence<\/em> o un consejo de arquitectura  &#8211;  lo que surge no es una estrategia multi-nube, sino caos multi-nube.<\/p>\n<p><strong>FinOps transversal:<\/strong> Una estrategia multi-nube sin monitorizaci\u00f3n centralizada de costes es una receta para la explosi\u00f3n presupuestaria. Cada proveedor cuenta con sus propios modelos de precios, sus propias estructuras de descuentos (<em>Reserved Instances<\/em>, <em>Committed Use Discounts<\/em>, <em>Savings Plans<\/em>) y sus propias l\u00f3gicas de facturaci\u00f3n. Un <a href=\"https:\/\/www.cloudmagazin.com\/es\/2026\/03\/03\/finops-como-las-empresas-finalmente-logran-controlar-sus-costes-en-la-nube\/\">equipo de FinOps<\/a> con visibilidad sobre todas las plataformas no es una opci\u00f3n, sino una obligaci\u00f3n.<\/p>\n<p><strong>Gesti\u00f3n de competencias:<\/strong> AWS, Azure y Google Cloud son tres ecosistemas diferentes, cada uno con sus propias certificaciones  &#8211;  el <a href=\"https:\/\/www.cloudmagazin.com\/es\/2026\/03\/08\/profesionales-de-la-nube-por-que-alemania-finalmente-esta-recuperando-terreno-en\/\">falta de profesionales cualificados<\/a> agrava a\u00fan m\u00e1s este desaf\u00edo  &#8211;  , sus propias buenas pr\u00e1cticas y sus propios modos de pensar. Las empresas deben decidir si forman equipos con perfil en T  &#8211;  con conocimientos amplios y profundidad especializada en una \u00fanica plataforma  &#8211;  o si constituyen equipos especializados por nube y coordinan la integraci\u00f3n desde una instancia central.<\/p>\n<p>Las empresas que implementan con \u00e9xito la estrategia multi-nube tienen algo en com\u00fan: tratan la estrategia en la nube no como un proyecto de TI, sino como una decisi\u00f3n empresarial. La direcci\u00f3n de TI define los principios rectores, y los equipos de ingenier\u00eda los ejecutan.<\/p>\n<h2>Preguntas frecuentes<\/h2>\n<details style=\"border-bottom: 1px solid #e0e0e0; padding: 10px 0;\">\n<summary style=\"cursor: pointer; font-size: 15px;\"><strong>\u00bfA partir de cu\u00e1ndo entra en vigor el Reglamento sobre Datos de la UE para los servicios en la nube?<\/strong><\/summary>\n<p style=\"margin: 8px 0 4px 8px; color: #555;\">El Reglamento sobre Datos de la UE est\u00e1 en vigor desde enero de 2024. Las disposiciones espec\u00edficas relativas al cambio de proveedor en la nube y a la portabilidad de los datos entran en vigor en septiembre de 2025. Los proveedores de servicios en la nube disponen de un per\u00edodo transitorio de 40 meses para adaptar los contratos existentes.<\/p>\n<\/details>\n<details style=\"border-bottom: 1px solid #e0e0e0; padding: 10px 0;\">\n<summary style=\"cursor: pointer; font-size: 15px;\"><strong>\u00bfEs la estrategia multi-nube siempre m\u00e1s econ\u00f3mica que la single cloud?<\/strong><\/summary>\n<p style=\"margin: 8px 0 4px 8px; color: #555;\">No necesariamente. La estrategia multi-nube puede reducir costes mediante una mejor posici\u00f3n negociadora y una optimizaci\u00f3n de las cargas de trabajo  &#8211;  pero operar m\u00faltiples plataformas tambi\u00e9n genera costes adicionales por complejidad. El efecto neto depende del volumen, del nivel de madurez en gobernanza y de la competencia en FinOps.<\/p>\n<\/details>\n<details style=\"border-bottom: 1px solid #e0e0e0; padding: 10px 0;\">\n<summary style=\"cursor: pointer; font-size: 15px;\"><strong>\u00bfBasta Kubernetes por s\u00ed sola para evitar el bloqueo de proveedor?<\/strong><\/summary>\n<p style=\"margin: 8px 0 4px 8px; color: #555;\">No. Kubernetes abstrae la capa de c\u00f3mputo, pero las aplicaciones suelen utilizar servicios propietarios como bases de datos, colas de mensajes o proveedores de identidad. Es necesario, adem\u00e1s, tomar una decisi\u00f3n arquitect\u00f3nica consciente  &#8211;  sobre qu\u00e9 servicios deben ser portables y cu\u00e1les pueden ser propietarios.<\/p>\n<\/details>\n<h2>Lecturas complementarias<\/h2>\n<ul>\n<li><a href=\"https:\/\/www.cloudmagazin.com\/es\/2026\/03\/08\/profesionales-de-la-nube-por-que-alemania-finalmente-esta-recuperando-terreno-en\/\" target=\"_blank\" rel=\"noopener\">Profesionales de la nube: \u00bfPor qu\u00e9 Alemania est\u00e1 recuperando terreno en la capacitaci\u00f3n continua?  &#8211;  cloudmagazin<\/a><\/li>\n<li><a href=\"https:\/\/www.cloudmagazin.com\/es\/2026\/02\/25\/consolidacion-de-saas-como-los-cio-frenan-el-crecimiento-descontrolado-de-herram\/\" target=\"_blank\" rel=\"noopener\">Consolidaci\u00f3n de SaaS: c\u00f3mo los CIOs frenan la proliferaci\u00f3n descontrolada de herramientas  &#8211;  cloudmagazin<\/a><\/li>\n<li><a href=\"https:\/\/www.cloudmagazin.com\/es\/2026\/02\/10\/computacion-en-el-borde-y-industria-40-la-silenciosa-revolucion-cloud-de-alemani\/\" target=\"_blank\" rel=\"noopener\">Computaci\u00f3n perif\u00e9rica (<em>Edge Computing<\/em>) e Industria 4.0  &#8211;  cloudmagazin<\/a><\/li>\n<\/ul>\n<h2>M\u00e1s contenido de la red MBF Media<\/h2>\n<ul>\n<li><a href=\"https:\/\/mybusinessfuture.com\/produccion-zurueck-europa-lieferketten-neu-aufstellen\/\" target=\"_blank\" rel=\"noopener\">Producci\u00f3n de vuelta a Europa: reconfigurar las cadenas de suministro  &#8211;  MyBusinessFuture<\/a><\/li>\n<li><a href=\"https:\/\/www.digital-chiefs.de\/digitaler-verwaltungsrat-warum-board-kompetenz-in-technologie-ueberlebenswichtig-wird\/\" target=\"_blank\" rel=\"noopener\">Consejo de administraci\u00f3n digital: competencias directivas en tecnolog\u00eda  &#8211;  Digital Chiefs<\/a><\/li>\n<li><a href=\"https:\/\/www.securitytoday.de\/es\/2026\/03\/05\/cyber-versicherung-2026-was-unternehmen-wissen-muessen-bevor-sie-eine-police-abschliessen\/\" target=\"_blank\" rel=\"noopener\">Seguros cibern\u00e9ticos 2026  &#8211;  SecurityToday<\/a><\/li>\n<\/ul>\n<p style=\"text-align:right;margin-top:48px;\"><em>Fuente de imagen: Pexels \/ Panumas Nikhomkhai<\/em><\/p>\n","protected":false},"excerpt":{"rendered":"4 min de lectura Durante a\u00f1os, el bloqueo de proveedor fue el precio que las empresas pagaron por la comodidad en la nube. En 2026, el equilibrio de fuerzas se invierte: el Reglamento sobre Datos de la UE crea palancas regulatorias, Kubernetes ofrece la abstracci\u00f3n t\u00e9cnica &#8211; y un n\u00famero creciente de empresas alemanas construye&#8230; <a class=\"view-article\" href=\"https:\/\/www.cloudmagazin.com\/es\/2026\/01\/10\/estrategia-multi-cloud-2026-adios-al-bloqueo-de-proveedor-hola-a-la-flexibilidad\/\">&raquo; Art\u00edculo<\/a>","protected":false},"author":98,"featured_media":27613,"comment_status":"closed","ping_status":"closed","sticky":false,"template":"","format":"standard","meta":{"_acf_changed":false,"_yoast_wpseo_focuskw":"multi-cloud","_yoast_wpseo_title":"Multi-cloud: Flexibilidad y adi\u00f3s al bloqueo de proveedores","_yoast_wpseo_metadesc":"Estrategia Multi-Cloud 2026: evita el bloqueo de proveedor y gana flexibilidad total. Aprovecha los beneficios del Reglamento sobre Datos y act\u00faa ahora.","_yoast_wpseo_meta-robots-noindex":"","_yoast_wpseo_meta-robots-nofollow":"","_yoast_wpseo_meta-robots-adv":"","_yoast_wpseo_canonical":"","_yoast_wpseo_opengraph-title":"","_yoast_wpseo_opengraph-description":"","_yoast_wpseo_opengraph-image":"","_yoast_wpseo_opengraph-image-id":0,"_yoast_wpseo_twitter-title":"","_yoast_wpseo_twitter-description":"","_yoast_wpseo_twitter-image":"","_yoast_wpseo_twitter-image-id":0,"ngg_post_thumbnail":0,"pre_headline":"","bildquelle":"","teasertext":"","language":"de","footnotes":""},"categories":[900,956],"tags":[],"industry":[],"class_list":["post-31469","post","type-post","status-publish","format-standard","has-post-thumbnail","hentry","category-reboot-germany"],"wpml_language":"es","wpml_translation_of":null,"acf":[],"yoast_head":"<!-- This site is optimized with the Yoast SEO plugin v27.1.1 - https:\/\/yoast.com\/product\/yoast-seo-wordpress\/ -->\n<title>Multi-cloud: Flexibilidad y adi\u00f3s al bloqueo de proveedores<\/title>\n<meta name=\"description\" content=\"Estrategia Multi-Cloud 2026: evita el bloqueo de proveedor y gana flexibilidad total. Aprovecha los beneficios del Reglamento sobre Datos y act\u00faa ahora.\" \/>\n<meta name=\"robots\" content=\"index, follow, max-snippet:-1, max-image-preview:large, max-video-preview:-1\" \/>\n<link rel=\"canonical\" href=\"https:\/\/www.cloudmagazin.com\/es\/2026\/01\/10\/estrategia-multi-cloud-2026-adios-al-bloqueo-de-proveedor-hola-a-la-flexibilidad\/\" \/>\n<meta property=\"og:locale\" content=\"es_ES\" \/>\n<meta property=\"og:type\" content=\"article\" \/>\n<meta property=\"og:title\" content=\"Multi-cloud: Flexibilidad y adi\u00f3s al bloqueo de proveedores\" \/>\n<meta property=\"og:description\" content=\"Estrategia Multi-Cloud 2026: evita el bloqueo de proveedor y gana flexibilidad total. Aprovecha los beneficios del Reglamento sobre Datos y act\u00faa ahora.\" \/>\n<meta property=\"og:url\" content=\"https:\/\/www.cloudmagazin.com\/es\/2026\/01\/10\/estrategia-multi-cloud-2026-adios-al-bloqueo-de-proveedor-hola-a-la-flexibilidad\/\" \/>\n<meta property=\"og:site_name\" content=\"cloudmagazin\" \/>\n<meta property=\"article:publisher\" content=\"https:\/\/www.facebook.com\/cloudmagazincom\/\" \/>\n<meta property=\"article:published_time\" content=\"2026-01-10T09:00:00+00:00\" \/>\n<meta property=\"article:modified_time\" content=\"2026-04-25T01:09:21+00:00\" \/>\n<meta property=\"og:image\" content=\"https:\/\/www.cloudmagazin.com\/wp-content\/uploads\/2026\/03\/rg-multi-cloud-strategie.jpg\" \/>\n\t<meta property=\"og:image:width\" content=\"1200\" \/>\n\t<meta property=\"og:image:height\" content=\"800\" \/>\n\t<meta property=\"og:image:type\" content=\"image\/jpeg\" \/>\n<meta name=\"author\" content=\"Tobias Massow\" \/>\n<meta name=\"twitter:card\" content=\"summary_large_image\" \/>\n<meta name=\"twitter:creator\" content=\"@cloudmagazin\" \/>\n<meta name=\"twitter:site\" content=\"@cloudmagazin\" \/>\n<meta name=\"twitter:label1\" content=\"Escrito por\" \/>\n\t<meta name=\"twitter:data1\" content=\"Tobias Massow\" \/>\n\t<meta name=\"twitter:label2\" content=\"Tiempo de lectura\" \/>\n\t<meta name=\"twitter:data2\" content=\"8 minutos\" \/>\n<script type=\"application\/ld+json\" class=\"yoast-schema-graph\">{\"@context\":\"https:\/\/schema.org\",\"@graph\":[{\"@type\":\"NewsArticle\",\"@id\":\"https:\/\/www.cloudmagazin.com\/es\/2026\/01\/10\/estrategia-multi-cloud-2026-adios-al-bloqueo-de-proveedor-hola-a-la-flexibilidad\/#article\",\"isPartOf\":{\"@id\":\"https:\/\/www.cloudmagazin.com\/es\/2026\/01\/10\/estrategia-multi-cloud-2026-adios-al-bloqueo-de-proveedor-hola-a-la-flexibilidad\/\"},\"author\":{\"name\":\"Tobias Massow\",\"@id\":\"https:\/\/www.cloudmagazin.com\/es\/#\/schema\/person\/1da9f418651805af4d71cf16565a5232\"},\"headline\":\"Estrategia Multi-Cloud 2026: Adi\u00f3s al bloqueo de proveedor, hola a la flexibilidad\",\"datePublished\":\"2026-01-10T09:00:00+00:00\",\"dateModified\":\"2026-04-25T01:09:21+00:00\",\"mainEntityOfPage\":{\"@id\":\"https:\/\/www.cloudmagazin.com\/es\/2026\/01\/10\/estrategia-multi-cloud-2026-adios-al-bloqueo-de-proveedor-hola-a-la-flexibilidad\/\"},\"wordCount\":1707,\"publisher\":{\"@id\":\"https:\/\/www.cloudmagazin.com\/es\/#organization\"},\"image\":{\"@id\":\"https:\/\/www.cloudmagazin.com\/es\/2026\/01\/10\/estrategia-multi-cloud-2026-adios-al-bloqueo-de-proveedor-hola-a-la-flexibilidad\/#primaryimage\"},\"thumbnailUrl\":\"https:\/\/www.cloudmagazin.com\/wp-content\/uploads\/2026\/03\/rg-multi-cloud-strategie.jpg\",\"articleSection\":[\"Reboot Germany\",\"Reboot Germany\"],\"inLanguage\":\"es\"},{\"@type\":\"WebPage\",\"@id\":\"https:\/\/www.cloudmagazin.com\/es\/2026\/01\/10\/estrategia-multi-cloud-2026-adios-al-bloqueo-de-proveedor-hola-a-la-flexibilidad\/\",\"url\":\"https:\/\/www.cloudmagazin.com\/es\/2026\/01\/10\/estrategia-multi-cloud-2026-adios-al-bloqueo-de-proveedor-hola-a-la-flexibilidad\/\",\"name\":\"Multi-cloud: Flexibilidad y adi\u00f3s al bloqueo de proveedores\",\"isPartOf\":{\"@id\":\"https:\/\/www.cloudmagazin.com\/es\/#website\"},\"primaryImageOfPage\":{\"@id\":\"https:\/\/www.cloudmagazin.com\/es\/2026\/01\/10\/estrategia-multi-cloud-2026-adios-al-bloqueo-de-proveedor-hola-a-la-flexibilidad\/#primaryimage\"},\"image\":{\"@id\":\"https:\/\/www.cloudmagazin.com\/es\/2026\/01\/10\/estrategia-multi-cloud-2026-adios-al-bloqueo-de-proveedor-hola-a-la-flexibilidad\/#primaryimage\"},\"thumbnailUrl\":\"https:\/\/www.cloudmagazin.com\/wp-content\/uploads\/2026\/03\/rg-multi-cloud-strategie.jpg\",\"datePublished\":\"2026-01-10T09:00:00+00:00\",\"dateModified\":\"2026-04-25T01:09:21+00:00\",\"description\":\"Estrategia Multi-Cloud 2026: evita el bloqueo de proveedor y gana flexibilidad total. Aprovecha los beneficios del Reglamento sobre Datos y act\u00faa ahora.\",\"breadcrumb\":{\"@id\":\"https:\/\/www.cloudmagazin.com\/es\/2026\/01\/10\/estrategia-multi-cloud-2026-adios-al-bloqueo-de-proveedor-hola-a-la-flexibilidad\/#breadcrumb\"},\"inLanguage\":\"es\",\"potentialAction\":[{\"@type\":\"ReadAction\",\"target\":[\"https:\/\/www.cloudmagazin.com\/es\/2026\/01\/10\/estrategia-multi-cloud-2026-adios-al-bloqueo-de-proveedor-hola-a-la-flexibilidad\/\"]}]},{\"@type\":\"ImageObject\",\"inLanguage\":\"es\",\"@id\":\"https:\/\/www.cloudmagazin.com\/es\/2026\/01\/10\/estrategia-multi-cloud-2026-adios-al-bloqueo-de-proveedor-hola-a-la-flexibilidad\/#primaryimage\",\"url\":\"https:\/\/www.cloudmagazin.com\/wp-content\/uploads\/2026\/03\/rg-multi-cloud-strategie.jpg\",\"contentUrl\":\"https:\/\/www.cloudmagazin.com\/wp-content\/uploads\/2026\/03\/rg-multi-cloud-strategie.jpg\",\"width\":1200,\"height\":800,\"caption\":\"Bildmotiv zu Rg, Multi, Cloud und Strategie im redaktionellen Magazinkontext\"},{\"@type\":\"BreadcrumbList\",\"@id\":\"https:\/\/www.cloudmagazin.com\/es\/2026\/01\/10\/estrategia-multi-cloud-2026-adios-al-bloqueo-de-proveedor-hola-a-la-flexibilidad\/#breadcrumb\",\"itemListElement\":[{\"@type\":\"ListItem\",\"position\":1,\"name\":\"Home\",\"item\":\"https:\/\/www.cloudmagazin.com\/es\/inicio\/\"},{\"@type\":\"ListItem\",\"position\":2,\"name\":\"Estrategia Multi-Cloud 2026: Adi\u00f3s al bloqueo de proveedor, hola a la flexibilidad\"}]},{\"@type\":\"WebSite\",\"@id\":\"https:\/\/www.cloudmagazin.com\/es\/#website\",\"url\":\"https:\/\/www.cloudmagazin.com\/es\/\",\"name\":\"cloudmagazin\",\"description\":\"Inspiration f\u00fcr Businessentscheider\",\"publisher\":{\"@id\":\"https:\/\/www.cloudmagazin.com\/es\/#organization\"},\"potentialAction\":[{\"@type\":\"SearchAction\",\"target\":{\"@type\":\"EntryPoint\",\"urlTemplate\":\"https:\/\/www.cloudmagazin.com\/es\/?s={search_term_string}\"},\"query-input\":{\"@type\":\"PropertyValueSpecification\",\"valueRequired\":true,\"valueName\":\"search_term_string\"}}],\"inLanguage\":\"es\"},{\"@type\":\"Organization\",\"@id\":\"https:\/\/www.cloudmagazin.com\/es\/#organization\",\"name\":\"cloudmagazin\",\"url\":\"https:\/\/www.cloudmagazin.com\/es\/\",\"logo\":{\"@type\":\"ImageObject\",\"inLanguage\":\"es\",\"@id\":\"https:\/\/www.cloudmagazin.com\/es\/#\/schema\/logo\/image\/\",\"url\":\"https:\/\/www.cloudmagazin.com\/wp-content\/uploads\/2020\/04\/cloudmagazin-logo-klein_menu.jpg\",\"contentUrl\":\"https:\/\/www.cloudmagazin.com\/wp-content\/uploads\/2020\/04\/cloudmagazin-logo-klein_menu.jpg\",\"width\":150,\"height\":150,\"caption\":\"cloudmagazin\"},\"image\":{\"@id\":\"https:\/\/www.cloudmagazin.com\/es\/#\/schema\/logo\/image\/\"},\"sameAs\":[\"https:\/\/www.facebook.com\/cloudmagazincom\/\",\"https:\/\/x.com\/cloudmagazin\",\"https:\/\/www.linkedin.com\/showcase\/cloudmagazin\/\"]},{\"@type\":\"Person\",\"@id\":\"https:\/\/www.cloudmagazin.com\/es\/#\/schema\/person\/1da9f418651805af4d71cf16565a5232\",\"name\":\"Tobias Massow\",\"image\":{\"@type\":\"ImageObject\",\"inLanguage\":\"es\",\"@id\":\"https:\/\/www.cloudmagazin.com\/es\/#\/schema\/person\/image\/\",\"url\":\"https:\/\/www.cloudmagazin.com\/wp-content\/uploads\/2026\/03\/tobi-m-2-cut.png\",\"contentUrl\":\"https:\/\/www.cloudmagazin.com\/wp-content\/uploads\/2026\/03\/tobi-m-2-cut.png\",\"caption\":\"Tobias Massow\"},\"description\":\"Tob\u00edas Massow es el director gerente de Evernine Media GmbH y editor de Cloudmagazin. Supervisa la orientaci\u00f3n estrat\u00e9gica de la revista y toda la red MBF Media, que incluye cuatro revistas especializadas B2B para tomadores de decisiones en TI en la regi\u00f3n de habla alemana.\",\"sameAs\":[\"https:\/\/www.linkedin.com\/in\/tobias-massow\/\"],\"url\":\"https:\/\/www.cloudmagazin.com\/es\/author\/tobias\/\"}]}<\/script>\n<!-- \/ Yoast SEO plugin. -->","yoast_head_json":{"title":"Multi-cloud: Flexibilidad y adi\u00f3s al bloqueo de proveedores","description":"Estrategia Multi-Cloud 2026: evita el bloqueo de proveedor y gana flexibilidad total. Aprovecha los beneficios del Reglamento sobre Datos y act\u00faa ahora.","robots":{"index":"index","follow":"follow","max-snippet":"max-snippet:-1","max-image-preview":"max-image-preview:large","max-video-preview":"max-video-preview:-1"},"canonical":"https:\/\/www.cloudmagazin.com\/es\/2026\/01\/10\/estrategia-multi-cloud-2026-adios-al-bloqueo-de-proveedor-hola-a-la-flexibilidad\/","og_locale":"es_ES","og_type":"article","og_title":"Multi-cloud: Flexibilidad y adi\u00f3s al bloqueo de proveedores","og_description":"Estrategia Multi-Cloud 2026: evita el bloqueo de proveedor y gana flexibilidad total. Aprovecha los beneficios del Reglamento sobre Datos y act\u00faa ahora.","og_url":"https:\/\/www.cloudmagazin.com\/es\/2026\/01\/10\/estrategia-multi-cloud-2026-adios-al-bloqueo-de-proveedor-hola-a-la-flexibilidad\/","og_site_name":"cloudmagazin","article_publisher":"https:\/\/www.facebook.com\/cloudmagazincom\/","article_published_time":"2026-01-10T09:00:00+00:00","article_modified_time":"2026-04-25T01:09:21+00:00","og_image":[{"width":1200,"height":800,"url":"https:\/\/www.cloudmagazin.com\/wp-content\/uploads\/2026\/03\/rg-multi-cloud-strategie.jpg","type":"image\/jpeg"}],"author":"Tobias Massow","twitter_card":"summary_large_image","twitter_creator":"@cloudmagazin","twitter_site":"@cloudmagazin","twitter_misc":{"Escrito por":"Tobias Massow","Tiempo de lectura":"8 minutos"},"schema":{"@context":"https:\/\/schema.org","@graph":[{"@type":"NewsArticle","@id":"https:\/\/www.cloudmagazin.com\/es\/2026\/01\/10\/estrategia-multi-cloud-2026-adios-al-bloqueo-de-proveedor-hola-a-la-flexibilidad\/#article","isPartOf":{"@id":"https:\/\/www.cloudmagazin.com\/es\/2026\/01\/10\/estrategia-multi-cloud-2026-adios-al-bloqueo-de-proveedor-hola-a-la-flexibilidad\/"},"author":{"name":"Tobias Massow","@id":"https:\/\/www.cloudmagazin.com\/es\/#\/schema\/person\/1da9f418651805af4d71cf16565a5232"},"headline":"Estrategia Multi-Cloud 2026: Adi\u00f3s al bloqueo de proveedor, hola a la flexibilidad","datePublished":"2026-01-10T09:00:00+00:00","dateModified":"2026-04-25T01:09:21+00:00","mainEntityOfPage":{"@id":"https:\/\/www.cloudmagazin.com\/es\/2026\/01\/10\/estrategia-multi-cloud-2026-adios-al-bloqueo-de-proveedor-hola-a-la-flexibilidad\/"},"wordCount":1707,"publisher":{"@id":"https:\/\/www.cloudmagazin.com\/es\/#organization"},"image":{"@id":"https:\/\/www.cloudmagazin.com\/es\/2026\/01\/10\/estrategia-multi-cloud-2026-adios-al-bloqueo-de-proveedor-hola-a-la-flexibilidad\/#primaryimage"},"thumbnailUrl":"https:\/\/www.cloudmagazin.com\/wp-content\/uploads\/2026\/03\/rg-multi-cloud-strategie.jpg","articleSection":["Reboot Germany","Reboot Germany"],"inLanguage":"es"},{"@type":"WebPage","@id":"https:\/\/www.cloudmagazin.com\/es\/2026\/01\/10\/estrategia-multi-cloud-2026-adios-al-bloqueo-de-proveedor-hola-a-la-flexibilidad\/","url":"https:\/\/www.cloudmagazin.com\/es\/2026\/01\/10\/estrategia-multi-cloud-2026-adios-al-bloqueo-de-proveedor-hola-a-la-flexibilidad\/","name":"Multi-cloud: Flexibilidad y adi\u00f3s al bloqueo de proveedores","isPartOf":{"@id":"https:\/\/www.cloudmagazin.com\/es\/#website"},"primaryImageOfPage":{"@id":"https:\/\/www.cloudmagazin.com\/es\/2026\/01\/10\/estrategia-multi-cloud-2026-adios-al-bloqueo-de-proveedor-hola-a-la-flexibilidad\/#primaryimage"},"image":{"@id":"https:\/\/www.cloudmagazin.com\/es\/2026\/01\/10\/estrategia-multi-cloud-2026-adios-al-bloqueo-de-proveedor-hola-a-la-flexibilidad\/#primaryimage"},"thumbnailUrl":"https:\/\/www.cloudmagazin.com\/wp-content\/uploads\/2026\/03\/rg-multi-cloud-strategie.jpg","datePublished":"2026-01-10T09:00:00+00:00","dateModified":"2026-04-25T01:09:21+00:00","description":"Estrategia Multi-Cloud 2026: evita el bloqueo de proveedor y gana flexibilidad total. Aprovecha los beneficios del Reglamento sobre Datos y act\u00faa ahora.","breadcrumb":{"@id":"https:\/\/www.cloudmagazin.com\/es\/2026\/01\/10\/estrategia-multi-cloud-2026-adios-al-bloqueo-de-proveedor-hola-a-la-flexibilidad\/#breadcrumb"},"inLanguage":"es","potentialAction":[{"@type":"ReadAction","target":["https:\/\/www.cloudmagazin.com\/es\/2026\/01\/10\/estrategia-multi-cloud-2026-adios-al-bloqueo-de-proveedor-hola-a-la-flexibilidad\/"]}]},{"@type":"ImageObject","inLanguage":"es","@id":"https:\/\/www.cloudmagazin.com\/es\/2026\/01\/10\/estrategia-multi-cloud-2026-adios-al-bloqueo-de-proveedor-hola-a-la-flexibilidad\/#primaryimage","url":"https:\/\/www.cloudmagazin.com\/wp-content\/uploads\/2026\/03\/rg-multi-cloud-strategie.jpg","contentUrl":"https:\/\/www.cloudmagazin.com\/wp-content\/uploads\/2026\/03\/rg-multi-cloud-strategie.jpg","width":1200,"height":800,"caption":"Bildmotiv zu Rg, Multi, Cloud und Strategie im redaktionellen Magazinkontext"},{"@type":"BreadcrumbList","@id":"https:\/\/www.cloudmagazin.com\/es\/2026\/01\/10\/estrategia-multi-cloud-2026-adios-al-bloqueo-de-proveedor-hola-a-la-flexibilidad\/#breadcrumb","itemListElement":[{"@type":"ListItem","position":1,"name":"Home","item":"https:\/\/www.cloudmagazin.com\/es\/inicio\/"},{"@type":"ListItem","position":2,"name":"Estrategia Multi-Cloud 2026: Adi\u00f3s al bloqueo de proveedor, hola a la flexibilidad"}]},{"@type":"WebSite","@id":"https:\/\/www.cloudmagazin.com\/es\/#website","url":"https:\/\/www.cloudmagazin.com\/es\/","name":"cloudmagazin","description":"Inspiration f\u00fcr Businessentscheider","publisher":{"@id":"https:\/\/www.cloudmagazin.com\/es\/#organization"},"potentialAction":[{"@type":"SearchAction","target":{"@type":"EntryPoint","urlTemplate":"https:\/\/www.cloudmagazin.com\/es\/?s={search_term_string}"},"query-input":{"@type":"PropertyValueSpecification","valueRequired":true,"valueName":"search_term_string"}}],"inLanguage":"es"},{"@type":"Organization","@id":"https:\/\/www.cloudmagazin.com\/es\/#organization","name":"cloudmagazin","url":"https:\/\/www.cloudmagazin.com\/es\/","logo":{"@type":"ImageObject","inLanguage":"es","@id":"https:\/\/www.cloudmagazin.com\/es\/#\/schema\/logo\/image\/","url":"https:\/\/www.cloudmagazin.com\/wp-content\/uploads\/2020\/04\/cloudmagazin-logo-klein_menu.jpg","contentUrl":"https:\/\/www.cloudmagazin.com\/wp-content\/uploads\/2020\/04\/cloudmagazin-logo-klein_menu.jpg","width":150,"height":150,"caption":"cloudmagazin"},"image":{"@id":"https:\/\/www.cloudmagazin.com\/es\/#\/schema\/logo\/image\/"},"sameAs":["https:\/\/www.facebook.com\/cloudmagazincom\/","https:\/\/x.com\/cloudmagazin","https:\/\/www.linkedin.com\/showcase\/cloudmagazin\/"]},{"@type":"Person","@id":"https:\/\/www.cloudmagazin.com\/es\/#\/schema\/person\/1da9f418651805af4d71cf16565a5232","name":"Tobias Massow","image":{"@type":"ImageObject","inLanguage":"es","@id":"https:\/\/www.cloudmagazin.com\/es\/#\/schema\/person\/image\/","url":"https:\/\/www.cloudmagazin.com\/wp-content\/uploads\/2026\/03\/tobi-m-2-cut.png","contentUrl":"https:\/\/www.cloudmagazin.com\/wp-content\/uploads\/2026\/03\/tobi-m-2-cut.png","caption":"Tobias Massow"},"description":"Tob\u00edas Massow es el director gerente de Evernine Media GmbH y editor de Cloudmagazin. Supervisa la orientaci\u00f3n estrat\u00e9gica de la revista y toda la red MBF Media, que incluye cuatro revistas especializadas B2B para tomadores de decisiones en TI en la regi\u00f3n de habla alemana.","sameAs":["https:\/\/www.linkedin.com\/in\/tobias-massow\/"],"url":"https:\/\/www.cloudmagazin.com\/es\/author\/tobias\/"}]}},"_links":{"self":[{"href":"https:\/\/www.cloudmagazin.com\/es\/wp-json\/wp\/v2\/posts\/31469","targetHints":{"allow":["GET"]}}],"collection":[{"href":"https:\/\/www.cloudmagazin.com\/es\/wp-json\/wp\/v2\/posts"}],"about":[{"href":"https:\/\/www.cloudmagazin.com\/es\/wp-json\/wp\/v2\/types\/post"}],"author":[{"embeddable":true,"href":"https:\/\/www.cloudmagazin.com\/es\/wp-json\/wp\/v2\/users\/98"}],"replies":[{"embeddable":true,"href":"https:\/\/www.cloudmagazin.com\/es\/wp-json\/wp\/v2\/comments?post=31469"}],"version-history":[{"count":4,"href":"https:\/\/www.cloudmagazin.com\/es\/wp-json\/wp\/v2\/posts\/31469\/revisions"}],"predecessor-version":[{"id":37038,"href":"https:\/\/www.cloudmagazin.com\/es\/wp-json\/wp\/v2\/posts\/31469\/revisions\/37038"}],"wp:featuredmedia":[{"embeddable":true,"href":"https:\/\/www.cloudmagazin.com\/es\/wp-json\/wp\/v2\/media\/27613"}],"wp:attachment":[{"href":"https:\/\/www.cloudmagazin.com\/es\/wp-json\/wp\/v2\/media?parent=31469"}],"wp:term":[{"taxonomy":"category","embeddable":true,"href":"https:\/\/www.cloudmagazin.com\/es\/wp-json\/wp\/v2\/categories?post=31469"},{"taxonomy":"post_tag","embeddable":true,"href":"https:\/\/www.cloudmagazin.com\/es\/wp-json\/wp\/v2\/tags?post=31469"},{"taxonomy":"industry","embeddable":true,"href":"https:\/\/www.cloudmagazin.com\/es\/wp-json\/wp\/v2\/industry?post=31469"}],"curies":[{"name":"wp","href":"https:\/\/api.w.org\/{rel}","templated":true}]}}