{"id":36734,"date":"2026-04-24T02:12:07","date_gmt":"2026-04-24T00:12:07","guid":{"rendered":"https:\/\/www.cloudmagazin.com\/2026\/04\/24\/cout-gcp-2026-calcul-conditions-finops-verification-cuds\/"},"modified":"2026-04-25T14:30:26","modified_gmt":"2026-04-25T12:30:26","slug":"tarification-gcp-2026-ce-qui-change-vraiment-dans-les-conditions-de-calcul-de-google-cloud-et-ce-qui-ne-change-pas","status":"publish","type":"post","link":"https:\/\/www.cloudmagazin.com\/fr\/2026\/04\/24\/tarification-gcp-2026-ce-qui-change-vraiment-dans-les-conditions-de-calcul-de-google-cloud-et-ce-qui-ne-change-pas\/","title":{"rendered":"Tarification GCP 2026 : Ce qui change vraiment dans les conditions de calcul de Google Cloud &#8211; et ce qui ne change pas"},"content":{"rendered":"<p style=\"color:#6190a9;font-size:0.9em;margin:0 0 16px;padding:0;\">7 min de lecture \u00b7 Mis \u00e0 jour le 23.04.2026<\/p>\n<p><strong>Depuis quelques jours, une rumeur circule dans les forums FinOps \u00e9voquant une r\u00e9duction forfaitaire de huit pour cent des prix de calcul de GCP. Aucune annonce officielle de Google Cloud n&rsquo;a \u00e9t\u00e9 faite \u00e0 ce sujet jusqu&rsquo;au 23 avril 2026. Ce qui se passe r\u00e9ellement est plus substantiel : Google renforce le m\u00e9canisme de remise d&rsquo;utilisation engag\u00e9e (Committed Use Discount). AWS r\u00e9pond avec de nouvelles g\u00e9n\u00e9rations d&rsquo;instances. L&rsquo;interconnexion Cross-Cloud parall\u00e8le modifie les n\u00e9gociations de prix \u00e0 travers les hyperscalers. Les \u00e9quipes FinOps devraient cesser d&rsquo;attendre les annonces de prix de liste. Elles devraient prendre au s\u00e9rieux les v\u00e9ritables leviers derri\u00e8re les conditions de 2026.<\/strong><\/p>\n<h2>L&rsquo;essentiel en bref<\/h2>\n<ul>\n<li>Google Cloud n&rsquo;a pas confirm\u00e9 une r\u00e9duction g\u00e9n\u00e9rale de huit pour cent des prix de calcul. Les rapports correspondants sont actuellement des informations secondaires non confirm\u00e9es.<\/li>\n<li>Ce qui bouge : la m\u00e9canique Multi-Price-CUD chez GCP, les nouvelles g\u00e9n\u00e9rations AWS-EC2-C8in et C8ib, les mouvements acc\u00e9l\u00e9r\u00e9s de l&rsquo;interconnexion cross-cloud.<\/li>\n<li>En 2026, les \u00e9quipes FinOps pilotent avec un mix de CUD 1 an (environ 37 pour cent de r\u00e9duction), CUD 3 ans (jusqu&rsquo;\u00e0 70 pour cent pour les machines optimis\u00e9es en m\u00e9moire), Sustained-Use (jusqu&rsquo;\u00e0 30 pour cent) et Spot-VMs (jusqu&rsquo;\u00e0 91 pour cent).<\/li>\n<li>La pression concurrentielle entre les hyperscalers renforce le pouvoir de n\u00e9gociation des clients moyennes entreprises, notamment pour les engagements pluriannuels et les gros volumes.<\/li>\n<li>En 2026, les revues FinOps trimestrielles avec des KPIs contraignants remplacent la r\u00e9action opportuniste aux rumeurs de prix.<\/li>\n<\/ul>\n<h2>Ce que l&rsquo;on sait r\u00e9ellement sur la tarification de GCP<\/h2>\n<p><strong>Quel est le m\u00e9canisme de tarification de Google Cloud Compute en 2026 ?<\/strong> Google Cloud Compute combine des prix de liste par heure d&rsquo;instance avec plusieurs m\u00e9canismes de remise : les remises d&rsquo;utilisation continue (Sustained-Use Discounts) r\u00e9duisent automatiquement le prix plus une machine fonctionne, les remises d&rsquo;utilisation engag\u00e9e (Committed-Use Discounts, CUD) offrent de 37 \u00e0 70 % de r\u00e9duction pour des engagements d&rsquo;un ou trois ans, et les machines virtuelles Spot (Spot VMs) offrent jusqu&rsquo;\u00e0 91 % de r\u00e9duction pour des charges de travail interruptibles. En outre, il existe des contrats entreprises avec des tarifs priv\u00e9s, o\u00f9 les plus grands clients peuvent n\u00e9gocier des conditions suppl\u00e9mentaires.<\/p>\n<p>Une r\u00e9duction g\u00e9n\u00e9rale des prix de liste de huit pour cent pour le calcul n&rsquo;a pas \u00e9t\u00e9 officiellement annonc\u00e9e par Google Cloud jusqu&rsquo;au 23 avril 2026. Les rapports des forums FinOps se r\u00e9f\u00e8rent \u00e0 des sources secondaires sans lien vers un communiqu\u00e9 de presse officiel. Un responsable FinOps qui base sa d\u00e9cision d&rsquo;investissement sur de telles rumeurs risque des corrections d\u00e8s que la source sera soit confirm\u00e9e, soit d\u00e9mentie. La discipline paie : les annonces de tarification sont communiqu\u00e9es de mani\u00e8re contraignante sur <a href=\"https:\/\/cloud.google.com\/compute\/all-pricing\">cloud.google.com\/compute\/all-pricing<\/a>.<\/p>\n<p>Ce qui \u00e9volue de mani\u00e8re compr\u00e9hensible, c&rsquo;est le syst\u00e8me CUD. Google a introduit en d\u00e9cembre 2024 une m\u00e9canique CUD \u00e0 prix multiples qui permet diff\u00e9rents niveaux de remise au sein du m\u00eame engagement. Cela rend l&rsquo;optimisation plus complexe, mais aussi plus granulaire. Celui qui continue d&rsquo;utiliser les anciennes hypoth\u00e8ses de CUD \u00e0 prix unique dans son pipeline FinOps laissera de l&rsquo;argent sur la table en 2026. Une remod\u00e9lisation de la strat\u00e9gie d&rsquo;engagement devrait \u00eatre \u00e0 l&rsquo;ordre du jour de chaque revue trimestrielle des douze prochains mois.<\/p>\n<div class=\"evm-stat evm-stat-row\" style=\"display:flex;gap:16px;margin:32px 0;flex-wrap:wrap;\">\n<div style=\"flex:1;min-width:200px;text-align:center;background:#004a59;border-radius:8px;padding:20px 12px;border-top:3px solid #0bb7fd;\">\n<div style=\"font-size:28px;font-weight:700;color:#fff;\">37 %<\/div>\n<div style=\"font-size:12px;color:rgba(255,255,255,0.8);margin-top:4px;\">Remise pour un engagement d&rsquo;un an sur vCPU et m\u00e9moire<\/div>\n<\/p><\/div>\n<div style=\"flex:1;min-width:200px;text-align:center;background:#004a59;border-radius:8px;padding:20px 12px;border-top:3px solid #0bb7fd;\">\n<div style=\"font-size:28px;font-weight:700;color:#fff;\">70 %<\/div>\n<div style=\"font-size:12px;color:rgba(255,255,255,0.8);margin-top:4px;\">Remise pour un engagement de trois ans pour les types de machines optimis\u00e9es pour la m\u00e9moire<\/div>\n<\/p><\/div>\n<div style=\"flex:1;min-width:200px;text-align:center;background:#004a59;border-radius:8px;padding:20px 12px;border-top:3px solid #0bb7fd;\">\n<div style=\"font-size:28px;font-weight:700;color:#fff;\">91 %<\/div>\n<div style=\"font-size:12px;color:rgba(255,255,255,0.8);margin-top:4px;\">Remise maximale pour les machines virtuelles Spot pour des charges de travail interruptibles<\/div>\n<\/p><\/div>\n<\/div>\n<h2>Ce que le contexte concurrentiel change vraiment en 2026<\/h2>\n<p>Le march\u00e9 montre une \u00e9volution qui n&rsquo;est pas visible dans une simple baisse de prix, mais dans plusieurs d\u00e9veloppements parall\u00e8les. En avril 2026, AWS a lanc\u00e9 les g\u00e9n\u00e9rations EC2 <a href=\"https:\/\/www.cloudmagazin.com\/fr\/2026\/04\/23\/aws-ec2-c8in-et-c8ib-depuis-le-20-avril-ce-que-signifie-un\/\">C8in et C8ib<\/a>, am\u00e9liorant sensiblement la classe de performance pour les charges de travail r\u00e9seau et de base de donn\u00e9es. Les responsables FinOps qui comparent leurs charges de travail GCP avec les nouvelles instances AWS constatent souvent une pression de d\u00e9placement que Google ne peut ignorer.<\/p>\n<p>En outre, l&rsquo;<a href=\"https:\/\/www.cloudmagazin.com\/fr\/2026\/04\/21\/aws-et-google-cloud-cross-cloud-interconnect-est-ga\/\">AWS-GCP-Cross-Cloud-Interconnect, qui est devenu GA fin avril 2026<\/a>. Les architectures multi-cloud ne sont plus des sp\u00e9cialit\u00e9s co\u00fbteuses, mais des standards. Cela renforce la pression concurrentielle indirecte. Ceux qui peuvent ex\u00e9cuter une charge de travail productive entre GCP et AWS simultan\u00e9ment comparent les prix effectifs non plus dans des cycles de n\u00e9gociation de 18 mois, mais dans des revues mensuelles des centres de co\u00fbts.<\/p>\n<p>Pour les \u00e9quipes cloud DACH, il en r\u00e9sulte une cons\u00e9quence pragmatique. Les v\u00e9ritables leviers de prix en 2026 r\u00e9sident dans la remod\u00e9lisation de leur propre strat\u00e9gie d&rsquo;engagement, dans la comparaison active de la performance des g\u00e9n\u00e9rations et dans la n\u00e9gociation des conditions entreprises. Ceux qui consid\u00e8rent le FinOps comme un sport trimestriel et non comme une fonction de r\u00e9paration r\u00e9active peuvent gagner 15 \u00e0 25 pour cent d&rsquo;efficacit\u00e9 suppl\u00e9mentaire sans attendre les baisses de prix.<\/p>\n<div class=\"evm-pros-cons\" style=\"display:flex;gap:16px;margin:32px 0;flex-wrap:wrap;\">\n<div style=\"flex:1;min-width:260px;background:#f0f8ff;border-left:4px solid #0bb7fd;padding:20px 24px;border-radius:0 8px 8px 0;\">\n<h3 style=\"margin-top:0;font-size:1em;color:#004a59;\">Ce que les \u00e9quipes FinOps pilotent activement en 2026<\/h3>\n<ul style=\"padding-left:20px;margin:0;color:#444;line-height:1.7;\">\n<li>Utiliser la m\u00e9canique Multi-Price-CUD dans leur propre strat\u00e9gie d&rsquo;engagement<\/li>\n<li>Comparer trimestriellement GCP-Compute avec AWS C8in\/C8ib et Azure<\/li>\n<li>Augmenter activement la part des VM Spot pour les charges de travail interruptibles<\/li>\n<li>N\u00e9gocier un contrat entreprise avec des composantes de prix priv\u00e9s<\/li>\n<\/ul><\/div>\n<div style=\"flex:1;min-width:260px;background:#fafafa;border-left:4px solid #888;padding:20px 24px;border-radius:0 8px 8px 0;\">\n<h3 style=\"margin-top:0;font-size:1em;color:#444;\">Ce qui ne fonctionne pas bien en 2026<\/h3>\n<ul style=\"padding-left:20px;margin:0;color:#444;line-height:1.7;\">\n<li>R\u00e9agir aux rumeurs de prix non confirm\u00e9es provenant de forums<\/li>\n<li>Suppositions Single-Price-CUD sans mise \u00e0 jour Multi-Price<\/li>\n<li>Engagements de 3 ans sans \u00e9valuation de la stabilit\u00e9 architecturale<\/li>\n<li>Faire confiance \u00e0 un seul hyperscaler sans routine de comparaison<\/li>\n<\/ul><\/div>\n<\/div>\n<h2>Un plan de 90 jours pour une remod\u00e9lisation honn\u00eate des FinOps<\/h2>\n<p>Trois mois suffisent pour une remod\u00e9lisation des prix solidement fond\u00e9e, qui ne repose pas sur des sp\u00e9culations de prix de liste, mais sur des donn\u00e9es internes fiables. Les phases suivent la logique trimestrielle typique des PME en Allemagne, en Autriche et en Suisse (r\u00e9gion DACH).<\/p>\n<div class=\"evm-timeline\" style=\"margin:32px 0;\">\n<div style=\"display:flex;gap:16px;margin-bottom:16px;padding:16px;border-left:3px solid #0bb7fd;background:#f8f9fa;\">\n<div style=\"font-weight:700;color:#004a59;min-width:100px;\">Mois 1<\/div>\n<div style=\"line-height:1.7;\">Analyse des stocks. Occupation actuelle des CUD (Committed Use Discounts) par classe de charge de travail, contributions d&rsquo;utilisation continue, part des VM spot. Quelles charges de travail sont sous-engag\u00e9es, lesquelles sont sur-engag\u00e9es ?<\/div>\n<\/p><\/div>\n<div style=\"display:flex;gap:16px;margin-bottom:16px;padding:16px;border-left:3px solid #0bb7fd;background:#f8f9fa;\">\n<div style=\"font-weight:700;color:#004a59;min-width:100px;\">Mois 2<\/div>\n<div style=\"line-height:1.7;\">Comparaison multi-cloud. Comparer les charges de travail de calcul GCP (Google Cloud Platform) avec des instances AWS et Azure comparables. Comparer les prix effectifs apr\u00e8s remises et r\u00e9servations, pas les prix de liste.<\/div>\n<\/p><\/div>\n<div style=\"display:flex;gap:16px;margin-bottom:0;padding:16px;border-left:3px solid #0bb7fd;background:#f8f9fa;\">\n<div style=\"font-weight:700;color:#004a59;min-width:100px;\">Mois 3<\/div>\n<div style=\"line-height:1.7;\">Ajustement de la strat\u00e9gie. Mettre en place un CUD multi-prix, augmenter la part des VM spot l\u00e0 o\u00f9 cela est pertinent, pr\u00e9parer la n\u00e9gociation des contrats entreprise. Rapport au directeur financier et \u00e0 la direction g\u00e9n\u00e9rale.<\/div>\n<\/p><\/div>\n<\/div>\n<h2>Ce que les architectes cloud et les CFO doivent adresser ensemble<\/h2>\n<p>Trois sujets m\u00e9ritent d&rsquo;\u00eatre abord\u00e9s lors de la prochaine r\u00e9union commune entre les architectes cloud et les CFO. Premi\u00e8rement, un \u00e9tat des lieux de la maturit\u00e9 des engagements. Ceux qui ont conclu des CUD (Cloud Usage Discounts) \u00e0 prix unique en 2024 devraient planifier activement leur expiration et les transf\u00e9rer en CUD \u00e0 prix multiples d&rsquo;ici 2026. Deuxi\u00e8mement, une \u00e9valuation consciente du multi-cloud. Le <a href=\"https:\/\/www.cloudmagazin.com\/fr\/2026\/04\/24\/google-cloud-location-finder-pre-ga-comment-le-nouveau-service-d-emplacement-multi-cloud-change-la-donne-pour-les-architectes-dach\/\">Google Cloud Location Finder<\/a>, en tant que service pr\u00e9-GA, simplifie le choix de la r\u00e9gion, facilitant ainsi les comparaisons de prix multi-cloud. Troisi\u00e8mement, une discussion honn\u00eate sur l&rsquo;architecture des ressources humaines en FinOps. Les <a href=\"https:\/\/www.cloudmagazin.com\/fr\/2026\/04\/15\/finops-dans-le-bilan-de-maturite-2026-comment-les-equipes\/\">niveaux de maturit\u00e9 dans le domaine du FinOps<\/a> d\u00e9terminent l&rsquo;impact de la strat\u00e9gie de pricing.<\/p>\n<p>Une observation m\u00e9rite une attention particuli\u00e8re. Les rumeurs sur les prix, comme la pr\u00e9tendue baisse de huit pour cent, se propagent en 2026 plus rapidement qu&rsquo;il y a deux ans, aliment\u00e9es par les communaut\u00e9s FinOps sur Slack et les newsletters sectorielles g\u00e9n\u00e9r\u00e9es par l&rsquo;IA. Les responsables FinOps qui int\u00e8grent ces rapports non v\u00e9rifi\u00e9s dans leurs reportings internes perdent en cr\u00e9dibilit\u00e9 d\u00e8s que la confirmation fait d\u00e9faut. Une discipline des sources avec des liens clairs vers les communications officielles des fournisseurs est, en 2026, une exigence minimale pour un reporting s\u00e9rieux des co\u00fbts cloud.<\/p>\n<p>Pour les membres du conseil d&rsquo;administration, un message clair \u00e9merge de ce mouvement. La maturit\u00e9 FinOps de leur propre entreprise influence davantage les co\u00fbts cloud que les prix de liste des hyperscalers. Une entreprise qui dispose d&rsquo;un reporting FinOps trimestriel avec trois KPI robustes tire bien plus parti de l&rsquo;utilisation du cloud qu&rsquo;une entreprise qui vit au rythme des nouvelles quotidiennes sur les prix. Cette maturit\u00e9 constitue, en 2026, un avantage concurrentiel qui se refl\u00e8te dans le bilan. La <a href=\"https:\/\/www.cloudmagazin.com\/fr\/2026\/04\/23\/aws-savings-plans-vs-reserved-instances-2026-guide-practice-for-finops-teams-in-german-smes\/\">discussion sur les plans d&rsquo;\u00e9conomies AWS versus les instances r\u00e9serv\u00e9es<\/a> a montr\u00e9 que la discipline FinOps est un levier plus efficace que les changements opportunistes de fournisseur.<\/p>\n<h2>Foire aux questions<\/h2>\n<details>\n<summary><strong>Est-il vrai que les prix de calcul de GCP ont baiss\u00e9 de huit pour cent ?<\/strong><\/summary>\n<p>Actuellement, aucune annonce officielle de Google Cloud ne confirme cette information. Les \u00e9quipes FinOps ne devraient pas baser leur strat\u00e9gie sur des rapports secondaires. Les annonces fiables concernant les prix sont publi\u00e9es sur les pages officielles de tarification de Google Cloud.<\/p>\n<\/details>\n<details>\n<summary><strong>Quelle variante de CUD sera la plus judicieuse en 2026 ?<\/strong><\/summary>\n<p>Cela d\u00e9pend du profil de la charge de travail. Les applications legacy stables b\u00e9n\u00e9ficient des CUD de 3 ans avec des rabais \u00e9lev\u00e9s. Les charges de travail variables sont mieux adapt\u00e9es aux CUD de 1 an. Les CUD multi-prix permettent une strat\u00e9gie diff\u00e9renci\u00e9e au sein du m\u00eame contrat.<\/p>\n<\/details>\n<details>\n<summary><strong>Comment les VM Spot se comportent-elles dans les charges de travail de production ?<\/strong><\/summary>\n<p>Cela varie consid\u00e9rablement selon l&rsquo;application. Les t\u00e2ches par lots, les pipelines CI et les pools de workers sans \u00e9tat sont des candidats id\u00e9aux pour les VM Spot avec jusqu&rsquo;\u00e0 91 pour cent de rabais. Les charges de travail avec \u00e9tat n\u00e9cessitent une gestion minutieuse des pr\u00e9emptions, sinon la discipline perd en efficacit\u00e9.<\/p>\n<\/details>\n<details>\n<summary><strong>Quel r\u00f4le joue l&rsquo;interconnexion cross-cloud dans la n\u00e9gociation des prix ?<\/strong><\/summary>\n<p>Un r\u00f4le de plus en plus central. Ceux qui peuvent cr\u00e9diblement passer d&rsquo;un hyperscaler \u00e0 un autre n\u00e9gocient diff\u00e9remment. La disponibilit\u00e9 g\u00e9n\u00e9rale de l&rsquo;interconnexion cross-cloud r\u00e9duit les obstacles techniques \u00e0 de tels changements. Les fournisseurs en sont conscients et r\u00e9agiront en cons\u00e9quence dans les prochains trimestres.<\/p>\n<\/details>\n<details>\n<summary><strong>\u00c0 quoi devrait ressembler la maturit\u00e9 FinOps dans les PME en 2026 ?<\/strong><\/summary>\n<p>Trois KPI robustes, \u00e9valuation mensuelle, revue strat\u00e9gique trimestrielle avec le directeur financier. Utilisation active des CUD multi-prix, part des VM Spot contr\u00f4l\u00e9e consciemment, dur\u00e9es des contrats document\u00e9es avec les hyperscalers. Ceux qui ont cela sont clairement au-dessus de la moyenne dans les PME du DACH.<\/p>\n<\/details>\n<details>\n<summary><strong>Quand vaut-il la peine de n\u00e9gocier un tarif priv\u00e9 d&rsquo;entreprise ?<\/strong><\/summary>\n<p>\u00c0 partir d&rsquo;un budget cloud annuel \u00e0 sept chiffres au prix de liste. Dans les PME avec des volumes nettement inf\u00e9rieurs, la n\u00e9gociation est plus difficile, mais elle vaut la peine d&rsquo;\u00eatre tent\u00e9e via un revendeur qui regroupe plusieurs clients de taille moyenne.<\/p>\n<\/details>\n<div class=\"evm-styled-box\">\n<h2>S\u00e9lection de la r\u00e9daction<\/h2>\n<p><a href=\"https:\/\/www.cloudmagazin.com\/fr\/2026\/04\/23\/aws-savings-plans-vs-reserved-instances-2026-guide-practice-for-finops-teams-in-german-smes\/\">AWS Savings Plans vs. Reserved Instances 2026<\/a><\/p>\n<p><a href=\"https:\/\/www.cloudmagazin.com\/fr\/2026\/04\/24\/google-cloud-location-finder-pre-ga-comment-le-nouveau-service-d-emplacement-multi-cloud-change-la-donne-pour-les-architectes-dach\/\">Google Cloud Location Finder Pre-GA<\/a><\/p>\n<p><a href=\"https:\/\/www.cloudmagazin.com\/fr\/2026\/04\/15\/finops-dans-le-bilan-de-maturite-2026-comment-les-equipes\/\">FinOps : V\u00e9rification de maturit\u00e9 2026<\/a><\/p>\n<\/div>\n<div class=\"evm-styled-box\">\n<h2>Plus du r\u00e9seau MBF Media<\/h2>\n<p style=\"margin:0 0 8px;\"><a href=\"https:\/\/mybusinessfuture.com\/fortune-it-services-6000-milliarden-cognizant-outcome-mittelstand-2026\/\">MyBusinessFuture : Rapport Fortune du 22 avril et mod\u00e8les de r\u00e9sultats des services IT<\/a><\/p>\n<p style=\"margin:0 0 8px;\"><a href=\"https:\/\/www.digital-chiefs.de\/managed-services-c-level-build-buy-manage-ki-budget-2026\/\">Digital Chiefs : Services g\u00e9r\u00e9s dans le contexte du C-Level en 2026<\/a><\/p>\n<p style=\"margin:0;\"><a href=\"https:\/\/www.securitytoday.de\/fr\/2026\/04\/24\/microsoft-aspnet-core-cve-2026-40372-out-of-band-72h-plan-april-2026\/\">SecurityToday : Microsoft ASP.NET Core CVE-2026-40372<\/a><\/p>\n<\/div>\n<p style=\"text-align:right;font-style:italic;color:#888;font-size:0.85em;margin-top:24px;\">Source de l&rsquo;image de couverture : Pexels \/ Jakub Zerdzicki (px:26841237)<\/p>\n","protected":false},"excerpt":{"rendered":"V\u00e9rification des faits sur la r\u00e9duction des prix de calcul de GCP : Huit pour cent non confirm\u00e9s. Ce qui change vraiment en 2026 pour CUD, les g\u00e9n\u00e9rations AWS et l&rsquo;interconnexion cross-cloud.","protected":false},"author":87,"featured_media":36627,"comment_status":"closed","ping_status":"closed","sticky":false,"template":"","format":"standard","meta":{"_acf_changed":false,"_yoast_wpseo_focuskw":"","_yoast_wpseo_title":"","_yoast_wpseo_metadesc":"R\u00e9duction des prix de calcul de GCP de huit pour cent : V\u00e9rification des faits sur ce qui change vraiment pour CUD, les g\u00e9n\u00e9rations AWS et l'interconnexion cross-cloud. Plan de 90 jours.","_yoast_wpseo_meta-robots-noindex":"","_yoast_wpseo_meta-robots-nofollow":"","_yoast_wpseo_meta-robots-adv":"","_yoast_wpseo_canonical":"","_yoast_wpseo_opengraph-title":"","_yoast_wpseo_opengraph-description":"","_yoast_wpseo_opengraph-image":"","_yoast_wpseo_opengraph-image-id":"","_yoast_wpseo_twitter-title":"","_yoast_wpseo_twitter-description":"","_yoast_wpseo_twitter-image":"","_yoast_wpseo_twitter-image-id":"","ngg_post_thumbnail":0,"pre_headline":"","bildquelle":"","teasertext":"","language":"de","footnotes":""},"categories":[11],"tags":[],"industry":[],"class_list":["post-36734","post","type-post","status-publish","format-standard","has-post-thumbnail","hentry","category-ratgeber"],"wpml_language":"fr","wpml_translation_of":36628,"acf":[],"yoast_head":"<!-- This site is optimized with the Yoast SEO plugin v27.1.1 - https:\/\/yoast.com\/product\/yoast-seo-wordpress\/ -->\n<title>Tarification GCP 2026 : Ce qui change vraiment dans les conditions de calcul de Google Cloud - et ce qui ne change pas - cloudmagazin<\/title>\n<meta name=\"description\" content=\"R\u00e9duction des prix de calcul de GCP de huit pour cent : V\u00e9rification des faits sur ce qui change vraiment pour CUD, les g\u00e9n\u00e9rations AWS et l&#039;interconnexion cross-cloud. Plan de 90 jours.\" \/>\n<meta name=\"robots\" content=\"index, follow, max-snippet:-1, max-image-preview:large, max-video-preview:-1\" \/>\n<link rel=\"canonical\" href=\"https:\/\/www.cloudmagazin.com\/fr\/2026\/04\/24\/tarification-gcp-2026-ce-qui-change-vraiment-dans-les-conditions-de-calcul-de-google-cloud-et-ce-qui-ne-change-pas\/\" \/>\n<meta property=\"og:locale\" content=\"fr_FR\" \/>\n<meta property=\"og:type\" content=\"article\" \/>\n<meta property=\"og:title\" content=\"Tarification GCP 2026 : Ce qui change vraiment dans les conditions de calcul de Google Cloud - et ce qui ne change pas - cloudmagazin\" \/>\n<meta property=\"og:description\" content=\"R\u00e9duction des prix de calcul de GCP de huit pour cent : V\u00e9rification des faits sur ce qui change vraiment pour CUD, les g\u00e9n\u00e9rations AWS et l&#039;interconnexion cross-cloud. Plan de 90 jours.\" \/>\n<meta property=\"og:url\" content=\"https:\/\/www.cloudmagazin.com\/fr\/2026\/04\/24\/tarification-gcp-2026-ce-qui-change-vraiment-dans-les-conditions-de-calcul-de-google-cloud-et-ce-qui-ne-change-pas\/\" \/>\n<meta property=\"og:site_name\" content=\"cloudmagazin\" \/>\n<meta property=\"article:publisher\" content=\"https:\/\/www.facebook.com\/cloudmagazincom\/\" \/>\n<meta property=\"article:published_time\" content=\"2026-04-24T00:12:07+00:00\" \/>\n<meta property=\"article:modified_time\" content=\"2026-04-25T12:30:26+00:00\" \/>\n<meta property=\"og:image\" content=\"https:\/\/www.cloudmagazin.com\/wp-content\/uploads\/2026\/04\/gcp-pricing-px26841237.jpg\" \/>\n\t<meta property=\"og:image:width\" content=\"2159\" \/>\n\t<meta property=\"og:image:height\" content=\"1440\" \/>\n\t<meta property=\"og:image:type\" content=\"image\/jpeg\" \/>\n<meta name=\"author\" content=\"Benedikt Langer\" \/>\n<meta name=\"twitter:card\" content=\"summary_large_image\" \/>\n<meta name=\"twitter:creator\" content=\"@cloudmagazin\" \/>\n<meta name=\"twitter:site\" content=\"@cloudmagazin\" \/>\n<meta name=\"twitter:label1\" content=\"\u00c9crit par\" \/>\n\t<meta name=\"twitter:data1\" content=\"Benedikt Langer\" \/>\n\t<meta name=\"twitter:label2\" content=\"Dur\u00e9e de lecture estim\u00e9e\" \/>\n\t<meta name=\"twitter:data2\" content=\"10 minutes\" \/>\n<script type=\"application\/ld+json\" class=\"yoast-schema-graph\">{\"@context\":\"https:\/\/schema.org\",\"@graph\":[{\"@type\":\"NewsArticle\",\"@id\":\"https:\/\/www.cloudmagazin.com\/fr\/2026\/04\/24\/tarification-gcp-2026-ce-qui-change-vraiment-dans-les-conditions-de-calcul-de-google-cloud-et-ce-qui-ne-change-pas\/#article\",\"isPartOf\":{\"@id\":\"https:\/\/www.cloudmagazin.com\/fr\/2026\/04\/24\/tarification-gcp-2026-ce-qui-change-vraiment-dans-les-conditions-de-calcul-de-google-cloud-et-ce-qui-ne-change-pas\/\"},\"author\":{\"name\":\"Benedikt Langer\",\"@id\":\"https:\/\/www.cloudmagazin.com\/fr\/#\/schema\/person\/9275a9f6961b8f365c1548e316b21d19\"},\"headline\":\"Tarification GCP 2026 : Ce qui change vraiment dans les conditions de calcul de Google Cloud &#8211; et ce qui ne change pas\",\"datePublished\":\"2026-04-24T00:12:07+00:00\",\"dateModified\":\"2026-04-25T12:30:26+00:00\",\"mainEntityOfPage\":{\"@id\":\"https:\/\/www.cloudmagazin.com\/fr\/2026\/04\/24\/tarification-gcp-2026-ce-qui-change-vraiment-dans-les-conditions-de-calcul-de-google-cloud-et-ce-qui-ne-change-pas\/\"},\"wordCount\":1940,\"publisher\":{\"@id\":\"https:\/\/www.cloudmagazin.com\/fr\/#organization\"},\"image\":{\"@id\":\"https:\/\/www.cloudmagazin.com\/fr\/2026\/04\/24\/tarification-gcp-2026-ce-qui-change-vraiment-dans-les-conditions-de-calcul-de-google-cloud-et-ce-qui-ne-change-pas\/#primaryimage\"},\"thumbnailUrl\":\"https:\/\/www.cloudmagazin.com\/wp-content\/uploads\/2026\/04\/gcp-pricing-px26841237.jpg\",\"articleSection\":[\"Guides\"],\"inLanguage\":\"fr-FR\"},{\"@type\":\"WebPage\",\"@id\":\"https:\/\/www.cloudmagazin.com\/fr\/2026\/04\/24\/tarification-gcp-2026-ce-qui-change-vraiment-dans-les-conditions-de-calcul-de-google-cloud-et-ce-qui-ne-change-pas\/\",\"url\":\"https:\/\/www.cloudmagazin.com\/fr\/2026\/04\/24\/tarification-gcp-2026-ce-qui-change-vraiment-dans-les-conditions-de-calcul-de-google-cloud-et-ce-qui-ne-change-pas\/\",\"name\":\"Tarification GCP 2026 : Ce qui change vraiment dans les conditions de calcul de Google Cloud - et ce qui ne change pas - cloudmagazin\",\"isPartOf\":{\"@id\":\"https:\/\/www.cloudmagazin.com\/fr\/#website\"},\"primaryImageOfPage\":{\"@id\":\"https:\/\/www.cloudmagazin.com\/fr\/2026\/04\/24\/tarification-gcp-2026-ce-qui-change-vraiment-dans-les-conditions-de-calcul-de-google-cloud-et-ce-qui-ne-change-pas\/#primaryimage\"},\"image\":{\"@id\":\"https:\/\/www.cloudmagazin.com\/fr\/2026\/04\/24\/tarification-gcp-2026-ce-qui-change-vraiment-dans-les-conditions-de-calcul-de-google-cloud-et-ce-qui-ne-change-pas\/#primaryimage\"},\"thumbnailUrl\":\"https:\/\/www.cloudmagazin.com\/wp-content\/uploads\/2026\/04\/gcp-pricing-px26841237.jpg\",\"datePublished\":\"2026-04-24T00:12:07+00:00\",\"dateModified\":\"2026-04-25T12:30:26+00:00\",\"description\":\"R\u00e9duction des prix de calcul de GCP de huit pour cent : V\u00e9rification des faits sur ce qui change vraiment pour CUD, les g\u00e9n\u00e9rations AWS et l'interconnexion cross-cloud. Plan de 90 jours.\",\"breadcrumb\":{\"@id\":\"https:\/\/www.cloudmagazin.com\/fr\/2026\/04\/24\/tarification-gcp-2026-ce-qui-change-vraiment-dans-les-conditions-de-calcul-de-google-cloud-et-ce-qui-ne-change-pas\/#breadcrumb\"},\"inLanguage\":\"fr-FR\",\"potentialAction\":[{\"@type\":\"ReadAction\",\"target\":[\"https:\/\/www.cloudmagazin.com\/fr\/2026\/04\/24\/tarification-gcp-2026-ce-qui-change-vraiment-dans-les-conditions-de-calcul-de-google-cloud-et-ce-qui-ne-change-pas\/\"]}]},{\"@type\":\"ImageObject\",\"inLanguage\":\"fr-FR\",\"@id\":\"https:\/\/www.cloudmagazin.com\/fr\/2026\/04\/24\/tarification-gcp-2026-ce-qui-change-vraiment-dans-les-conditions-de-calcul-de-google-cloud-et-ce-qui-ne-change-pas\/#primaryimage\",\"url\":\"https:\/\/www.cloudmagazin.com\/wp-content\/uploads\/2026\/04\/gcp-pricing-px26841237.jpg\",\"contentUrl\":\"https:\/\/www.cloudmagazin.com\/wp-content\/uploads\/2026\/04\/gcp-pricing-px26841237.jpg\",\"width\":2159,\"height\":1440,\"caption\":\"Quelle: Pexels \/ Jakub Zerdzicki (px:26841237)\"},{\"@type\":\"BreadcrumbList\",\"@id\":\"https:\/\/www.cloudmagazin.com\/fr\/2026\/04\/24\/tarification-gcp-2026-ce-qui-change-vraiment-dans-les-conditions-de-calcul-de-google-cloud-et-ce-qui-ne-change-pas\/#breadcrumb\",\"itemListElement\":[{\"@type\":\"ListItem\",\"position\":1,\"name\":\"Home\",\"item\":\"https:\/\/www.cloudmagazin.com\/fr\/accueil\/\"},{\"@type\":\"ListItem\",\"position\":2,\"name\":\"Tarification GCP 2026 : Ce qui change vraiment dans les conditions de calcul de Google Cloud &#8211; et ce qui ne change pas\"}]},{\"@type\":\"WebSite\",\"@id\":\"https:\/\/www.cloudmagazin.com\/fr\/#website\",\"url\":\"https:\/\/www.cloudmagazin.com\/fr\/\",\"name\":\"cloudmagazin\",\"description\":\"Inspiration f\u00fcr Businessentscheider\",\"publisher\":{\"@id\":\"https:\/\/www.cloudmagazin.com\/fr\/#organization\"},\"potentialAction\":[{\"@type\":\"SearchAction\",\"target\":{\"@type\":\"EntryPoint\",\"urlTemplate\":\"https:\/\/www.cloudmagazin.com\/fr\/?s={search_term_string}\"},\"query-input\":{\"@type\":\"PropertyValueSpecification\",\"valueRequired\":true,\"valueName\":\"search_term_string\"}}],\"inLanguage\":\"fr-FR\"},{\"@type\":\"Organization\",\"@id\":\"https:\/\/www.cloudmagazin.com\/fr\/#organization\",\"name\":\"cloudmagazin\",\"url\":\"https:\/\/www.cloudmagazin.com\/fr\/\",\"logo\":{\"@type\":\"ImageObject\",\"inLanguage\":\"fr-FR\",\"@id\":\"https:\/\/www.cloudmagazin.com\/fr\/#\/schema\/logo\/image\/\",\"url\":\"https:\/\/www.cloudmagazin.com\/wp-content\/uploads\/2020\/04\/cloudmagazin-logo-klein_menu.jpg\",\"contentUrl\":\"https:\/\/www.cloudmagazin.com\/wp-content\/uploads\/2020\/04\/cloudmagazin-logo-klein_menu.jpg\",\"width\":150,\"height\":150,\"caption\":\"cloudmagazin\"},\"image\":{\"@id\":\"https:\/\/www.cloudmagazin.com\/fr\/#\/schema\/logo\/image\/\"},\"sameAs\":[\"https:\/\/www.facebook.com\/cloudmagazincom\/\",\"https:\/\/x.com\/cloudmagazin\",\"https:\/\/www.linkedin.com\/showcase\/cloudmagazin\/\"]},{\"@type\":\"Person\",\"@id\":\"https:\/\/www.cloudmagazin.com\/fr\/#\/schema\/person\/9275a9f6961b8f365c1548e316b21d19\",\"name\":\"Benedikt Langer\",\"image\":{\"@type\":\"ImageObject\",\"inLanguage\":\"fr-FR\",\"@id\":\"https:\/\/www.cloudmagazin.com\/fr\/#\/schema\/person\/image\/\",\"url\":\"https:\/\/www.cloudmagazin.com\/wp-content\/uploads\/2026\/01\/evernine-bilder-benedikt_1.jpg.jpg\",\"contentUrl\":\"https:\/\/www.cloudmagazin.com\/wp-content\/uploads\/2026\/01\/evernine-bilder-benedikt_1.jpg.jpg\",\"caption\":\"Benedikt Langer\"},\"description\":\"Benedikt Langer, en tant que r\u00e9dacteur, se concentre principalement sur les sujets li\u00e9s \u00e0 l'informatique et au cloud, avec un int\u00e9r\u00eat particulier pour l'intelligence artificielle, l'infrastructure num\u00e9rique et les architectures cloud strat\u00e9giques. Dans ses articles, il analyse les d\u00e9veloppements technologiques du point de vue des d\u00e9cideurs et les situe dans leurs contextes \u00e9conomiques, r\u00e9glementaires et organisationnels. Il \u00e9crit r\u00e9guli\u00e8rement pour le magazine Cloud ainsi que pour d'autres publications sp\u00e9cialis\u00e9es d'Evernine Media.\",\"sameAs\":[\"https:\/\/www.linkedin.com\/in\/benedikt-langer\/\"],\"url\":\"https:\/\/www.cloudmagazin.com\/fr\/author\/benedikt\/\"}]}<\/script>\n<!-- \/ Yoast SEO plugin. -->","yoast_head_json":{"title":"Tarification GCP 2026 : Ce qui change vraiment dans les conditions de calcul de Google Cloud - et ce qui ne change pas - cloudmagazin","description":"R\u00e9duction des prix de calcul de GCP de huit pour cent : V\u00e9rification des faits sur ce qui change vraiment pour CUD, les g\u00e9n\u00e9rations AWS et l'interconnexion cross-cloud. Plan de 90 jours.","robots":{"index":"index","follow":"follow","max-snippet":"max-snippet:-1","max-image-preview":"max-image-preview:large","max-video-preview":"max-video-preview:-1"},"canonical":"https:\/\/www.cloudmagazin.com\/fr\/2026\/04\/24\/tarification-gcp-2026-ce-qui-change-vraiment-dans-les-conditions-de-calcul-de-google-cloud-et-ce-qui-ne-change-pas\/","og_locale":"fr_FR","og_type":"article","og_title":"Tarification GCP 2026 : Ce qui change vraiment dans les conditions de calcul de Google Cloud - et ce qui ne change pas - cloudmagazin","og_description":"R\u00e9duction des prix de calcul de GCP de huit pour cent : V\u00e9rification des faits sur ce qui change vraiment pour CUD, les g\u00e9n\u00e9rations AWS et l'interconnexion cross-cloud. Plan de 90 jours.","og_url":"https:\/\/www.cloudmagazin.com\/fr\/2026\/04\/24\/tarification-gcp-2026-ce-qui-change-vraiment-dans-les-conditions-de-calcul-de-google-cloud-et-ce-qui-ne-change-pas\/","og_site_name":"cloudmagazin","article_publisher":"https:\/\/www.facebook.com\/cloudmagazincom\/","article_published_time":"2026-04-24T00:12:07+00:00","article_modified_time":"2026-04-25T12:30:26+00:00","og_image":[{"width":2159,"height":1440,"url":"https:\/\/www.cloudmagazin.com\/wp-content\/uploads\/2026\/04\/gcp-pricing-px26841237.jpg","type":"image\/jpeg"}],"author":"Benedikt Langer","twitter_card":"summary_large_image","twitter_creator":"@cloudmagazin","twitter_site":"@cloudmagazin","twitter_misc":{"\u00c9crit par":"Benedikt Langer","Dur\u00e9e de lecture estim\u00e9e":"10 minutes"},"schema":{"@context":"https:\/\/schema.org","@graph":[{"@type":"NewsArticle","@id":"https:\/\/www.cloudmagazin.com\/fr\/2026\/04\/24\/tarification-gcp-2026-ce-qui-change-vraiment-dans-les-conditions-de-calcul-de-google-cloud-et-ce-qui-ne-change-pas\/#article","isPartOf":{"@id":"https:\/\/www.cloudmagazin.com\/fr\/2026\/04\/24\/tarification-gcp-2026-ce-qui-change-vraiment-dans-les-conditions-de-calcul-de-google-cloud-et-ce-qui-ne-change-pas\/"},"author":{"name":"Benedikt Langer","@id":"https:\/\/www.cloudmagazin.com\/fr\/#\/schema\/person\/9275a9f6961b8f365c1548e316b21d19"},"headline":"Tarification GCP 2026 : Ce qui change vraiment dans les conditions de calcul de Google Cloud &#8211; et ce qui ne change pas","datePublished":"2026-04-24T00:12:07+00:00","dateModified":"2026-04-25T12:30:26+00:00","mainEntityOfPage":{"@id":"https:\/\/www.cloudmagazin.com\/fr\/2026\/04\/24\/tarification-gcp-2026-ce-qui-change-vraiment-dans-les-conditions-de-calcul-de-google-cloud-et-ce-qui-ne-change-pas\/"},"wordCount":1940,"publisher":{"@id":"https:\/\/www.cloudmagazin.com\/fr\/#organization"},"image":{"@id":"https:\/\/www.cloudmagazin.com\/fr\/2026\/04\/24\/tarification-gcp-2026-ce-qui-change-vraiment-dans-les-conditions-de-calcul-de-google-cloud-et-ce-qui-ne-change-pas\/#primaryimage"},"thumbnailUrl":"https:\/\/www.cloudmagazin.com\/wp-content\/uploads\/2026\/04\/gcp-pricing-px26841237.jpg","articleSection":["Guides"],"inLanguage":"fr-FR"},{"@type":"WebPage","@id":"https:\/\/www.cloudmagazin.com\/fr\/2026\/04\/24\/tarification-gcp-2026-ce-qui-change-vraiment-dans-les-conditions-de-calcul-de-google-cloud-et-ce-qui-ne-change-pas\/","url":"https:\/\/www.cloudmagazin.com\/fr\/2026\/04\/24\/tarification-gcp-2026-ce-qui-change-vraiment-dans-les-conditions-de-calcul-de-google-cloud-et-ce-qui-ne-change-pas\/","name":"Tarification GCP 2026 : Ce qui change vraiment dans les conditions de calcul de Google Cloud - et ce qui ne change pas - cloudmagazin","isPartOf":{"@id":"https:\/\/www.cloudmagazin.com\/fr\/#website"},"primaryImageOfPage":{"@id":"https:\/\/www.cloudmagazin.com\/fr\/2026\/04\/24\/tarification-gcp-2026-ce-qui-change-vraiment-dans-les-conditions-de-calcul-de-google-cloud-et-ce-qui-ne-change-pas\/#primaryimage"},"image":{"@id":"https:\/\/www.cloudmagazin.com\/fr\/2026\/04\/24\/tarification-gcp-2026-ce-qui-change-vraiment-dans-les-conditions-de-calcul-de-google-cloud-et-ce-qui-ne-change-pas\/#primaryimage"},"thumbnailUrl":"https:\/\/www.cloudmagazin.com\/wp-content\/uploads\/2026\/04\/gcp-pricing-px26841237.jpg","datePublished":"2026-04-24T00:12:07+00:00","dateModified":"2026-04-25T12:30:26+00:00","description":"R\u00e9duction des prix de calcul de GCP de huit pour cent : V\u00e9rification des faits sur ce qui change vraiment pour CUD, les g\u00e9n\u00e9rations AWS et l'interconnexion cross-cloud. Plan de 90 jours.","breadcrumb":{"@id":"https:\/\/www.cloudmagazin.com\/fr\/2026\/04\/24\/tarification-gcp-2026-ce-qui-change-vraiment-dans-les-conditions-de-calcul-de-google-cloud-et-ce-qui-ne-change-pas\/#breadcrumb"},"inLanguage":"fr-FR","potentialAction":[{"@type":"ReadAction","target":["https:\/\/www.cloudmagazin.com\/fr\/2026\/04\/24\/tarification-gcp-2026-ce-qui-change-vraiment-dans-les-conditions-de-calcul-de-google-cloud-et-ce-qui-ne-change-pas\/"]}]},{"@type":"ImageObject","inLanguage":"fr-FR","@id":"https:\/\/www.cloudmagazin.com\/fr\/2026\/04\/24\/tarification-gcp-2026-ce-qui-change-vraiment-dans-les-conditions-de-calcul-de-google-cloud-et-ce-qui-ne-change-pas\/#primaryimage","url":"https:\/\/www.cloudmagazin.com\/wp-content\/uploads\/2026\/04\/gcp-pricing-px26841237.jpg","contentUrl":"https:\/\/www.cloudmagazin.com\/wp-content\/uploads\/2026\/04\/gcp-pricing-px26841237.jpg","width":2159,"height":1440,"caption":"Quelle: Pexels \/ Jakub Zerdzicki (px:26841237)"},{"@type":"BreadcrumbList","@id":"https:\/\/www.cloudmagazin.com\/fr\/2026\/04\/24\/tarification-gcp-2026-ce-qui-change-vraiment-dans-les-conditions-de-calcul-de-google-cloud-et-ce-qui-ne-change-pas\/#breadcrumb","itemListElement":[{"@type":"ListItem","position":1,"name":"Home","item":"https:\/\/www.cloudmagazin.com\/fr\/accueil\/"},{"@type":"ListItem","position":2,"name":"Tarification GCP 2026 : Ce qui change vraiment dans les conditions de calcul de Google Cloud &#8211; et ce qui ne change pas"}]},{"@type":"WebSite","@id":"https:\/\/www.cloudmagazin.com\/fr\/#website","url":"https:\/\/www.cloudmagazin.com\/fr\/","name":"cloudmagazin","description":"Inspiration f\u00fcr Businessentscheider","publisher":{"@id":"https:\/\/www.cloudmagazin.com\/fr\/#organization"},"potentialAction":[{"@type":"SearchAction","target":{"@type":"EntryPoint","urlTemplate":"https:\/\/www.cloudmagazin.com\/fr\/?s={search_term_string}"},"query-input":{"@type":"PropertyValueSpecification","valueRequired":true,"valueName":"search_term_string"}}],"inLanguage":"fr-FR"},{"@type":"Organization","@id":"https:\/\/www.cloudmagazin.com\/fr\/#organization","name":"cloudmagazin","url":"https:\/\/www.cloudmagazin.com\/fr\/","logo":{"@type":"ImageObject","inLanguage":"fr-FR","@id":"https:\/\/www.cloudmagazin.com\/fr\/#\/schema\/logo\/image\/","url":"https:\/\/www.cloudmagazin.com\/wp-content\/uploads\/2020\/04\/cloudmagazin-logo-klein_menu.jpg","contentUrl":"https:\/\/www.cloudmagazin.com\/wp-content\/uploads\/2020\/04\/cloudmagazin-logo-klein_menu.jpg","width":150,"height":150,"caption":"cloudmagazin"},"image":{"@id":"https:\/\/www.cloudmagazin.com\/fr\/#\/schema\/logo\/image\/"},"sameAs":["https:\/\/www.facebook.com\/cloudmagazincom\/","https:\/\/x.com\/cloudmagazin","https:\/\/www.linkedin.com\/showcase\/cloudmagazin\/"]},{"@type":"Person","@id":"https:\/\/www.cloudmagazin.com\/fr\/#\/schema\/person\/9275a9f6961b8f365c1548e316b21d19","name":"Benedikt Langer","image":{"@type":"ImageObject","inLanguage":"fr-FR","@id":"https:\/\/www.cloudmagazin.com\/fr\/#\/schema\/person\/image\/","url":"https:\/\/www.cloudmagazin.com\/wp-content\/uploads\/2026\/01\/evernine-bilder-benedikt_1.jpg.jpg","contentUrl":"https:\/\/www.cloudmagazin.com\/wp-content\/uploads\/2026\/01\/evernine-bilder-benedikt_1.jpg.jpg","caption":"Benedikt Langer"},"description":"Benedikt Langer, en tant que r\u00e9dacteur, se concentre principalement sur les sujets li\u00e9s \u00e0 l'informatique et au cloud, avec un int\u00e9r\u00eat particulier pour l'intelligence artificielle, l'infrastructure num\u00e9rique et les architectures cloud strat\u00e9giques. Dans ses articles, il analyse les d\u00e9veloppements technologiques du point de vue des d\u00e9cideurs et les situe dans leurs contextes \u00e9conomiques, r\u00e9glementaires et organisationnels. Il \u00e9crit r\u00e9guli\u00e8rement pour le magazine Cloud ainsi que pour d'autres publications sp\u00e9cialis\u00e9es d'Evernine Media.","sameAs":["https:\/\/www.linkedin.com\/in\/benedikt-langer\/"],"url":"https:\/\/www.cloudmagazin.com\/fr\/author\/benedikt\/"}]}},"_links":{"self":[{"href":"https:\/\/www.cloudmagazin.com\/fr\/wp-json\/wp\/v2\/posts\/36734","targetHints":{"allow":["GET"]}}],"collection":[{"href":"https:\/\/www.cloudmagazin.com\/fr\/wp-json\/wp\/v2\/posts"}],"about":[{"href":"https:\/\/www.cloudmagazin.com\/fr\/wp-json\/wp\/v2\/types\/post"}],"author":[{"embeddable":true,"href":"https:\/\/www.cloudmagazin.com\/fr\/wp-json\/wp\/v2\/users\/87"}],"replies":[{"embeddable":true,"href":"https:\/\/www.cloudmagazin.com\/fr\/wp-json\/wp\/v2\/comments?post=36734"}],"version-history":[{"count":1,"href":"https:\/\/www.cloudmagazin.com\/fr\/wp-json\/wp\/v2\/posts\/36734\/revisions"}],"predecessor-version":[{"id":37257,"href":"https:\/\/www.cloudmagazin.com\/fr\/wp-json\/wp\/v2\/posts\/36734\/revisions\/37257"}],"wp:featuredmedia":[{"embeddable":true,"href":"https:\/\/www.cloudmagazin.com\/fr\/wp-json\/wp\/v2\/media\/36627"}],"wp:attachment":[{"href":"https:\/\/www.cloudmagazin.com\/fr\/wp-json\/wp\/v2\/media?parent=36734"}],"wp:term":[{"taxonomy":"category","embeddable":true,"href":"https:\/\/www.cloudmagazin.com\/fr\/wp-json\/wp\/v2\/categories?post=36734"},{"taxonomy":"post_tag","embeddable":true,"href":"https:\/\/www.cloudmagazin.com\/fr\/wp-json\/wp\/v2\/tags?post=36734"},{"taxonomy":"industry","embeddable":true,"href":"https:\/\/www.cloudmagazin.com\/fr\/wp-json\/wp\/v2\/industry?post=36734"}],"curies":[{"name":"wp","href":"https:\/\/api.w.org\/{rel}","templated":true}]}}